{"id":14938,"date":"2006-01-27T20:51:10","date_gmt":"2006-01-27T20:51:10","guid":{"rendered":"http:\/\/dev3.musique-cordiale.com\/general\/festival-2006-2\/"},"modified":"2006-01-27T20:51:10","modified_gmt":"2006-01-27T20:51:10","slug":"festival-2006-2","status":"publish","type":"post","link":"https:\/\/www.musique-cordiale.com\/fr\/festival-2006-2\/","title":{"rendered":"Festival 2006"},"content":{"rendered":"","protected":false},"excerpt":{"rendered":"","protected":false},"author":4,"featured_media":0,"comment_status":"closed","ping_status":"closed","sticky":false,"template":"","format":"standard","meta":{"_acf_changed":false,"_monsterinsights_skip_tracking":false,"_monsterinsights_sitenote_active":false,"_monsterinsights_sitenote_note":"","_monsterinsights_sitenote_category":0,"_uf_show_specific_survey":0,"_uf_disable_surveys":false,"advanced_seo_description":"","jetpack_seo_html_title":"","jetpack_seo_noindex":false,"_jetpack_memberships_contains_paid_content":false,"footnotes":""},"categories":[],"tags":[],"class_list":["post-14938","post","type-post","status-publish","format-standard","hentry"],"acf":[],"jetpack_featured_media_url":"","jetpack_sharing_enabled":true,"jetpack-related-posts":[{"id":3095,"url":"https:\/\/www.musique-cordiale.com\/festival-2006\/","url_meta":{"origin":14938,"position":0},"title":"Festival 2006","author":"Webmaster","date":"27\/01\/2006","format":false,"excerpt":"","rel":"","context":"Dans &quot;General&quot;","block_context":{"text":"General","link":"https:\/\/www.musique-cordiale.com\/category\/general\/"},"img":{"alt_text":"Musique Cordiale 2006","src":"https:\/\/i0.wp.com\/www.musique-cordiale.com\/new\/wp-content\/uploads\/2014\/01\/2006-poster.jpg?resize=350%2C200","width":350,"height":200},"classes":[]},{"id":34180,"url":"https:\/\/www.musique-cordiale.com\/elections-to-the-management-board-conseil-dadministration\/","url_meta":{"origin":14938,"position":1},"title":"MEMBERS: Elections to the Management Board (Conseil d&rsquo;Administration)","author":"Jonathan Barker","date":"01\/01\/2021","format":false,"excerpt":"2021 has arrived\u2026 Dear friends & members This is a message to our current and recent members of l\u2019association Musique Cordiale. You are the people who own the association that has run our festivals in France since 2005. Events staged in Britain are run separately either by individual organisers or\u2026","rel":"","context":"Dans &quot;2021&quot;","block_context":{"text":"2021","link":"https:\/\/www.musique-cordiale.com\/category\/2021\/"},"img":{"alt_text":"","src":"","width":0,"height":0},"classes":[]},{"id":22770,"url":"https:\/\/www.musique-cordiale.com\/online-application-to-join-the-2019-festival-choir\/","url_meta":{"origin":14938,"position":2},"title":"online application to join the 2019 Festival choir","author":"Jonathan Barker","date":"19\/12\/2018","format":false,"excerpt":"","rel":"","context":"Dans &quot;Festival 2019&quot;","block_context":{"text":"Festival 2019","link":"https:\/\/www.musique-cordiale.com\/category\/festival-2019\/"},"img":{"alt_text":"","src":"","width":0,"height":0},"classes":[]},{"id":41715,"url":"https:\/\/www.musique-cordiale.com\/fr\/banniere-du-festival-2023\/","url_meta":{"origin":14938,"position":3},"title":"Banni\u00e8re du festival 2023","author":"Jonathan Barker","date":"01\/05\/2023","format":false,"excerpt":"cliquez sur l'image pour voir le PROGRAMME complet du FESTIVAL 2023e","rel":"","context":"Dans &quot;G\u00e9n\u00e9ral&quot;","block_context":{"text":"G\u00e9n\u00e9ral","link":"https:\/\/www.musique-cordiale.com\/fr\/category\/general-fr\/"},"img":{"alt_text":"","src":"https:\/\/i0.wp.com\/www.musique-cordiale.com\/wp-content\/uploads\/2023\/07\/MCbanner-2023.png?resize=350%2C200&ssl=1","width":350,"height":200,"srcset":"https:\/\/i0.wp.com\/www.musique-cordiale.com\/wp-content\/uploads\/2023\/07\/MCbanner-2023.png?resize=350%2C200&ssl=1 1x, https:\/\/i0.wp.com\/www.musique-cordiale.com\/wp-content\/uploads\/2023\/07\/MCbanner-2023.png?resize=525%2C300&ssl=1 1.5x, https:\/\/i0.wp.com\/www.musique-cordiale.com\/wp-content\/uploads\/2023\/07\/MCbanner-2023.png?resize=700%2C400&ssl=1 2x, https:\/\/i0.wp.com\/www.musique-cordiale.com\/wp-content\/uploads\/2023\/07\/MCbanner-2023.png?resize=1050%2C600&ssl=1 3x"},"classes":[]},{"id":44842,"url":"https:\/\/www.musique-cordiale.com\/fr\/programme-provisoire-du-festival-2024\/","url_meta":{"origin":14938,"position":4},"title":"Programme du Festival 2024","author":"Jonathan Barker","date":"18\/03\/2024","format":false,"excerpt":"PROGRAMME-Festival-Musique-Cordiale-2024-VERSION-7-May-2024-30-June-FRT\u00e9l\u00e9charger","rel":"","context":"Dans &quot;G\u00e9n\u00e9ral&quot;","block_context":{"text":"G\u00e9n\u00e9ral","link":"https:\/\/www.musique-cordiale.com\/fr\/category\/general-fr\/"},"img":{"alt_text":"","src":"","width":0,"height":0},"classes":[]},{"id":41708,"url":"https:\/\/www.musique-cordiale.com\/2023-festival-banner\/","url_meta":{"origin":14938,"position":5},"title":"2023 Festival banner","author":"Jonathan Barker","date":"08\/07\/2023","format":false,"excerpt":"click on the image to see or download and print the full Festival Programme","rel":"","context":"Dans &quot;General&quot;","block_context":{"text":"General","link":"https:\/\/www.musique-cordiale.com\/category\/general\/"},"img":{"alt_text":"","src":"https:\/\/i0.wp.com\/www.musique-cordiale.com\/wp-content\/uploads\/2023\/07\/MCbanner-2023.png?resize=350%2C200&ssl=1","width":350,"height":200,"srcset":"https:\/\/i0.wp.com\/www.musique-cordiale.com\/wp-content\/uploads\/2023\/07\/MCbanner-2023.png?resize=350%2C200&ssl=1 1x, https:\/\/i0.wp.com\/www.musique-cordiale.com\/wp-content\/uploads\/2023\/07\/MCbanner-2023.png?resize=525%2C300&ssl=1 1.5x, https:\/\/i0.wp.com\/www.musique-cordiale.com\/wp-content\/uploads\/2023\/07\/MCbanner-2023.png?resize=700%2C400&ssl=1 2x, https:\/\/i0.wp.com\/www.musique-cordiale.com\/wp-content\/uploads\/2023\/07\/MCbanner-2023.png?resize=1050%2C600&ssl=1 3x"},"classes":[]}],"jetpack_shortlink":"https:\/\/wp.me\/paEPkm-3SW","_links":{"self":[{"href":"https:\/\/www.musique-cordiale.com\/fr\/wp-json\/wp\/v2\/posts\/14938","targetHints":{"allow":["GET"]}}],"collection":[{"href":"https:\/\/www.musique-cordiale.com\/fr\/wp-json\/wp\/v2\/posts"}],"about":[{"href":"https:\/\/www.musique-cordiale.com\/fr\/wp-json\/wp\/v2\/types\/post"}],"author":[{"embeddable":true,"href":"https:\/\/www.musique-cordiale.com\/fr\/wp-json\/wp\/v2\/users\/4"}],"replies":[{"embeddable":true,"href":"https:\/\/www.musique-cordiale.com\/fr\/wp-json\/wp\/v2\/comments?post=14938"}],"version-history":[{"count":0,"href":"https:\/\/www.musique-cordiale.com\/fr\/wp-json\/wp\/v2\/posts\/14938\/revisions"}],"wp:attachment":[{"href":"https:\/\/www.musique-cordiale.com\/fr\/wp-json\/wp\/v2\/media?parent=14938"}],"wp:term":[{"taxonomy":"category","embeddable":true,"href":"https:\/\/www.musique-cordiale.com\/fr\/wp-json\/wp\/v2\/categories?post=14938"},{"taxonomy":"post_tag","embeddable":true,"href":"https:\/\/www.musique-cordiale.com\/fr\/wp-json\/wp\/v2\/tags?post=14938"}],"curies":[{"name":"wp","href":"https:\/\/api.w.org\/{rel}","templated":true}]}}