{"id":14948,"date":"2011-01-30T16:02:49","date_gmt":"2011-01-30T16:02:49","guid":{"rendered":"http:\/\/dev3.musique-cordiale.com\/press\/communique-de-presse-janvier-2-0-1-1\/"},"modified":"2011-01-30T16:02:49","modified_gmt":"2011-01-30T16:02:49","slug":"communique-de-presse-janvier-2-0-1-1","status":"publish","type":"post","link":"https:\/\/www.musique-cordiale.com\/fr\/communique-de-presse-janvier-2-0-1-1\/","title":{"rendered":"COMMUNIQUE DE PRESSE  JANVIER   2 0 1 1"},"content":{"rendered":"<p><strong>UN FESTIVAL DE MUSIQUE EUROPEEN<\/strong><\/p>\n<p><strong>3 \u2013 13 Ao\u00fbt 2011<\/strong><\/p>\n<p><strong> <\/strong>Si en 2010 Musique Cordiale avait une coloration nettement europ\u00e9enne, la septi\u00e8me \u00e9dition, celle de 2011, offre un programme vari\u00e9 \u00e0 la tonalit\u00e9 plus fran\u00e7aise: est-ce l\u00e0 un\u00a0 hommage rendu par la horde anglo-saxonne qui chaque \u00e9t\u00e9 envahit le village proven\u00e7al de Seillans, un charmant village m\u00e9di\u00e9val dans les collines au nord-ouest de Nice?<\/p>\n<p><em>&lsquo;L&rsquo;Histoire du Soldat&rsquo; de Stravinsky<\/em> ouvrira les feux \u00e0 la Place du Valat \u00e0 Seillans, un charmant village du Var perch\u00e9 sur les hauteurs au nord-ouest de Nice. Pour notre plus grand plaisir, Christopher Widauer a accept\u00e9 d&rsquo;en donner\u00a0 une production remarquable: il utilise des marionnettes grandeur nature pour raconter le conte imagin\u00e9 par le grand auteur suisse C.F. Ramuz. Cette version donn\u00e9e en fran\u00e7ais et en anglais marquera les d\u00e9buts \u00e0 Musique Cordiale de l&rsquo;ensemble dirig\u00e9 par Peter Davies.<\/p>\n<p>Cette ann\u00e9e, c&rsquo;est &lsquo;<em>La<\/em> <em>Boh\u00e8me de Puccini&rsquo;<\/em> que Vignette Productions nous propose dans une mise en sc\u00e8ne de Andrew Staples, sous la baguette du jeune chef d&rsquo;orchestre australien Steven Moore qui, lui aussi, participe \u00e0 Musique Cordiale pour la premi\u00e8re fois. Le concert d&rsquo;ouverture donnera un\u00a0<em>Double Concerto de Bach<\/em> avec comme solistes Peter Liang et Sophie Rosa, le\u00a0<em>Quatri\u00e8me Concerto pour cor de Mozart<\/em> avec Timothy Brown,\u00a0<em>La Nuit Transfigur\u00e9e de Schoenberg<\/em> et\u00a0<em>La S\u00e9r\u00e9nade pour cordes de Dvorak <\/em>sous la baguette de Peter Davies<em>. <\/em>Le Ch\u0153ur chantera un programme de musique fran\u00e7aise sacr\u00e9e et profane &lsquo;a cappella&rsquo;. Pour clore le festival, Tom Seligman reviendra diriger\u00a0<em>La Passion selon St Jean de Bach<\/em>, le talentueux jeune t\u00e9nor Andrew Staples tiendra le r\u00f4le de l&rsquo;Evang\u00e9liste et chantera les arias. Graham Ross qui est maintenant Directeur Musical \u00e0 Clare College \u00e0 Cambridge revient \u00e0 Seillans interpr\u00e9ter une pi\u00e8ce pour ch\u0153ur de sa composition. Il jouera le continuo dans la passion Selon St Jean.<\/p>\n<p>Tout comme l&rsquo;an dernier, Musique Cordiale invite quelques jeunes musiciens du Conser vatoire de Nice et d&rsquo;autres excellentes Ecoles de Musique\u00a0 \u00e0 se joindre au festival pour un concert\u00a0 de musique pour orchestre \u00e0 cordes qui interpr\u00e9tera &lsquo;<em>Fantasia on a theme of Thomas Tallis\u2019 de Vaugham Williams,<\/em> <em>le Concerto de Vivaldi pour 4 violons<\/em>et\u00a0<em>\u2018Hail the Bright Seraphim\u2019 pour soprano et cordes de Haendel.<\/em> Nous avons cette ann\u00e9e deux professeurs de musique qui viennent \u00e0 Seillans, nous pourrons donc jouer\u00a0<em>&lsquo;Bacchanalia Brasileiras No 5&rsquo;<\/em> de Villa Loboz avec 8 violoncelles et soprano!<\/p>\n<p>Chaque \u00e9tudiant jouera au c\u00f4t\u00e9 d&rsquo;un musicien chevronn\u00e9, ils auront ainsi l&rsquo;occasion de faire de la musique \u00e0 un haut niveau avec divers musiciens.<\/p>\n<p>Cette ann\u00e9e le festival va devenir de plus en plus europ\u00e9en: le cercle des chanteurs, instrumentistes et auditeurs s&rsquo;\u00e9largit d&rsquo;ann\u00e9e en ann\u00e9e. Provenant de 10 pays diff\u00e9rents, les amateurs de musique descendront dans le sud de la France et se retrouveront \u00e0 Seillans.<\/p>\n","protected":false},"excerpt":{"rendered":"<p>UN FESTIVAL DE MUSIQUE EUROPEEN 3 \u2013 13 Ao\u00fbt 2011 Si en 2010 Musique Cordiale avait une coloration nettement europ\u00e9enne, la septi\u00e8me \u00e9dition, celle de 2011, offre un programme vari\u00e9 \u00e0 la tonalit\u00e9 plus fran\u00e7aise: est-ce l\u00e0 un\u00a0 hommage rendu par la horde anglo-saxonne qui chaque \u00e9t\u00e9 envahit le village proven\u00e7al de Seillans, un charmant [&hellip;]<\/p>\n","protected":false},"author":4,"featured_media":0,"comment_status":"open","ping_status":"open","sticky":false,"template":"","format":"standard","meta":{"_acf_changed":false,"_monsterinsights_skip_tracking":false,"_monsterinsights_sitenote_active":false,"_monsterinsights_sitenote_note":"","_monsterinsights_sitenote_category":0,"_uf_show_specific_survey":0,"_uf_disable_surveys":false,"advanced_seo_description":"","jetpack_seo_html_title":"","jetpack_seo_noindex":false,"_jetpack_memberships_contains_paid_content":false,"footnotes":""},"categories":[],"tags":[],"class_list":["post-14948","post","type-post","status-publish","format-standard","hentry"],"acf":[],"jetpack_featured_media_url":"","jetpack_sharing_enabled":true,"jetpack-related-posts":[{"id":14950,"url":"https:\/\/www.musique-cordiale.com\/fr\/decouverte-de-seillans\/","url_meta":{"origin":14948,"position":0},"title":"D\u00e9couverte de Seillans","author":"Webmaster","date":"06\/03\/2011","format":false,"excerpt":"Seillans est parmi les plus beaux villages du sud dela France, niche dans les collines de l\u2019arri\u00e8re-pays, presque \u00e0 mi-chemin entre Nice et Marseilles ou Aix-en-Prevenc. Max Ernst s\u2019y est install\u00e9 pour y passer les vingt derni\u00e8res ann\u00e9es de sa vie.\u00a0 Seillans est une destination de vacances de r\u00eave\u00a0: un\u2026","rel":"","context":"Article similaire","block_context":{"text":"Article similaire","link":""},"img":{"alt_text":"","src":"https:\/\/i0.wp.com\/www.musique-cordiale.com\/wp-content\/uploads\/2011\/03\/SEILLANS-BY-NIGHT-960x350.jpg?fit=960%2C350&ssl=1&resize=350%2C200","width":350,"height":200,"srcset":"https:\/\/i0.wp.com\/www.musique-cordiale.com\/wp-content\/uploads\/2011\/03\/SEILLANS-BY-NIGHT-960x350.jpg?fit=960%2C350&ssl=1&resize=350%2C200 1x, https:\/\/i0.wp.com\/www.musique-cordiale.com\/wp-content\/uploads\/2011\/03\/SEILLANS-BY-NIGHT-960x350.jpg?fit=960%2C350&ssl=1&resize=525%2C300 1.5x, https:\/\/i0.wp.com\/www.musique-cordiale.com\/wp-content\/uploads\/2011\/03\/SEILLANS-BY-NIGHT-960x350.jpg?fit=960%2C350&ssl=1&resize=700%2C400 2x"},"classes":[]},{"id":41416,"url":"https:\/\/www.musique-cordiale.com\/fr\/retour-en-france-2023-2\/","url_meta":{"origin":14948,"position":1},"title":"Retour en France 2023","author":"Jonathan Barker","date":"25\/06\/2023","format":false,"excerpt":"Il est temps de r\u00e9introduire \"Musique Cordiale\" aupr\u00e8s de nos fid\u00e8les supporters proven\u00e7aux. Nous sommes pr\u00eats \u00e0 accueillir \u00e0 nouveau notre public fran\u00e7ais et europ\u00e9en spectateurs et \u00e0 inviter de nouveaux appr\u00e9ciateur de musique de haut calibre, qu'ils soient des visiteurs saisonniers ou des r\u00e9sidents locaux du coin pittoresque du\u2026","rel":"","context":"Dans &quot;G\u00e9n\u00e9ral&quot;","block_context":{"text":"G\u00e9n\u00e9ral","link":"https:\/\/www.musique-cordiale.com\/fr\/category\/general-fr\/"},"img":{"alt_text":"","src":"https:\/\/i0.wp.com\/www.musique-cordiale.com\/wp-content\/uploads\/2023\/06\/MC-no-year-header.png?resize=350%2C200&ssl=1","width":350,"height":200,"srcset":"https:\/\/i0.wp.com\/www.musique-cordiale.com\/wp-content\/uploads\/2023\/06\/MC-no-year-header.png?resize=350%2C200&ssl=1 1x, https:\/\/i0.wp.com\/www.musique-cordiale.com\/wp-content\/uploads\/2023\/06\/MC-no-year-header.png?resize=525%2C300&ssl=1 1.5x, https:\/\/i0.wp.com\/www.musique-cordiale.com\/wp-content\/uploads\/2023\/06\/MC-no-year-header.png?resize=700%2C400&ssl=1 2x, https:\/\/i0.wp.com\/www.musique-cordiale.com\/wp-content\/uploads\/2023\/06\/MC-no-year-header.png?resize=1050%2C600&ssl=1 3x"},"classes":[]},{"id":14980,"url":"https:\/\/www.musique-cordiale.com\/fr\/presse-11-juillet-2103\/","url_meta":{"origin":14948,"position":2},"title":"Presse, 11 juillet 2103","author":"Jonathan Barker","date":"11\/07\/2013","format":false,"excerpt":"PRESSE: 11 juillet 2013 \u00a0 \u00a0 \u00a0 \u00a0 \u00a0 \u00a09\u00e8me Festival International de Seillans MUSIQUE CORDIALE Du 6 au 17 ao\u00fbt 2013 Seillans - Mons - Correns - Claviers - St Rapha\u00ebl - Bargemon - Callian - Bagnols-en-For\u00eat www.musique-cordiale.com LA NUOVA MUSICA \u2022 DAVID BATES \u2022 GRAHAM ROSS \u2022 KLAZZ\u2026","rel":"","context":"Article similaire","block_context":{"text":"Article similaire","link":""},"img":{"alt_text":"Affiche - 2013 Festival: http:\/\/www.musique-cordiale.com\/programme\/","src":"https:\/\/i0.wp.com\/www.musique-cordiale.com\/wp-content\/uploads\/2013\/05\/MC2013_A4Poster2-Copy-2-214x300.jpg?resize=350%2C200","width":350,"height":200},"classes":[]},{"id":2601,"url":"https:\/\/www.musique-cordiale.com\/press-release-11-july-2013-francais\/","url_meta":{"origin":14948,"position":3},"title":"Press release 11 July 2013 (francais)","author":"Jonathan Barker","date":"11\/07\/2013","format":false,"excerpt":"PRESS: 11 juillet 2013: \u00a0 \u00a0 \u00a0 \u00a0 \u00a0 \u00a0 \u00a0 \u00a09\u00e8me Festival International de Seillans MUSIQUE CORDIALE Du 6 au 17 ao\u00fbt 2013 Seillans - Mons - Correns - Claviers - St Rapha\u00ebl - Bargemon - Callian - Bagnols-en-For\u00eat www.musique-cordiale.com LA NUOVA MUSICA \u2022 DAVID BATES \u2022 GRAHAM ROSS\u2026","rel":"","context":"Dans &quot;Press&quot;","block_context":{"text":"Press","link":"https:\/\/www.musique-cordiale.com\/category\/press\/"},"img":{"alt_text":"Musique Cordiale - Affiche - 2013 Festival","src":"https:\/\/i0.wp.com\/www.musique-cordiale.com\/wp-content\/uploads\/2013\/05\/MC2013_A4Poster2-Copy-2.jpg?fit=857%2C1200&ssl=1&resize=350%2C200","width":350,"height":200,"srcset":"https:\/\/i0.wp.com\/www.musique-cordiale.com\/wp-content\/uploads\/2013\/05\/MC2013_A4Poster2-Copy-2.jpg?fit=857%2C1200&ssl=1&resize=350%2C200 1x, https:\/\/i0.wp.com\/www.musique-cordiale.com\/wp-content\/uploads\/2013\/05\/MC2013_A4Poster2-Copy-2.jpg?fit=857%2C1200&ssl=1&resize=525%2C300 1.5x, https:\/\/i0.wp.com\/www.musique-cordiale.com\/wp-content\/uploads\/2013\/05\/MC2013_A4Poster2-Copy-2.jpg?fit=857%2C1200&ssl=1&resize=700%2C400 2x"},"classes":[]},{"id":14991,"url":"https:\/\/www.musique-cordiale.com\/fr\/merci-remerciements\/","url_meta":{"origin":14948,"position":4},"title":"Merci &#038; remerciements","author":"Webmaster","date":"22\/01\/2014","format":false,"excerpt":"C\u2019est \u00e0 tous ceux et celles qui ont contribu\u00e9 \u00e0 rendre possibles le festival Musique Cordiale 2014 et son Acad\u00e9mie que va notre reconnaissance. Cette aide \u00e0 pris les formes les plus diverses\u00a0: certains ont donn\u00e9 de leur temps ou de l\u2019\u00e9nergie, d\u2019autres nous ont donn\u00e9 de pr\u00e9cieux conseils, il\u2026","rel":"","context":"Article similaire","block_context":{"text":"Article similaire","link":""},"img":{"alt_text":"musique-cordiale-logo","src":"https:\/\/i0.wp.com\/www.musique-cordiale.com\/wp-content\/uploads\/2011\/03\/musique-cordiale-logo.gif?resize=350%2C200","width":350,"height":200},"classes":[]},{"id":33848,"url":"https:\/\/www.musique-cordiale.com\/fr\/cancellation-of-the-2020-festival\/","url_meta":{"origin":14948,"position":5},"title":"Annulation du Festival 2020","author":"Jonathan Barker","date":"23\/05\/2020","format":false,"excerpt":"\u00a0 click here to see May 2020 UPDATE\u00a0 - en anglais -\u00a0see public announcement in English\u00a0 \u00a0 \u00a0 \u00a0 \u00a0 \u00a0 \u00a0 \u00a0 \u00a0 \u00a0 \u00a0 \u00a0 Pour t\u00e9l\u00e9charger ce message en fran\u00e7ais au format PDF, cliquez ICI VERSION FRAN\u00c7AIS: MISE \u00c0 JOUR 29 Mai 2020 Tout \u00e9tait organis\u00e9 et\u2026","rel":"","context":"Dans &quot;Non classifi\u00e9(e)&quot;","block_context":{"text":"Non classifi\u00e9(e)","link":"https:\/\/www.musique-cordiale.com\/fr\/category\/non-classifiee\/"},"img":{"alt_text":"","src":"https:\/\/i0.wp.com\/www.musique-cordiale.com\/wp-content\/uploads\/2020\/02\/49516519892_afdd7f5fd6_o-scaled.jpg?fit=1200%2C583&ssl=1&resize=350%2C200","width":350,"height":200,"srcset":"https:\/\/i0.wp.com\/www.musique-cordiale.com\/wp-content\/uploads\/2020\/02\/49516519892_afdd7f5fd6_o-scaled.jpg?fit=1200%2C583&ssl=1&resize=350%2C200 1x, https:\/\/i0.wp.com\/www.musique-cordiale.com\/wp-content\/uploads\/2020\/02\/49516519892_afdd7f5fd6_o-scaled.jpg?fit=1200%2C583&ssl=1&resize=525%2C300 1.5x, https:\/\/i0.wp.com\/www.musique-cordiale.com\/wp-content\/uploads\/2020\/02\/49516519892_afdd7f5fd6_o-scaled.jpg?fit=1200%2C583&ssl=1&resize=700%2C400 2x, https:\/\/i0.wp.com\/www.musique-cordiale.com\/wp-content\/uploads\/2020\/02\/49516519892_afdd7f5fd6_o-scaled.jpg?fit=1200%2C583&ssl=1&resize=1050%2C600 3x"},"classes":[]}],"jetpack_shortlink":"https:\/\/wp.me\/paEPkm-3T6","_links":{"self":[{"href":"https:\/\/www.musique-cordiale.com\/fr\/wp-json\/wp\/v2\/posts\/14948","targetHints":{"allow":["GET"]}}],"collection":[{"href":"https:\/\/www.musique-cordiale.com\/fr\/wp-json\/wp\/v2\/posts"}],"about":[{"href":"https:\/\/www.musique-cordiale.com\/fr\/wp-json\/wp\/v2\/types\/post"}],"author":[{"embeddable":true,"href":"https:\/\/www.musique-cordiale.com\/fr\/wp-json\/wp\/v2\/users\/4"}],"replies":[{"embeddable":true,"href":"https:\/\/www.musique-cordiale.com\/fr\/wp-json\/wp\/v2\/comments?post=14948"}],"version-history":[{"count":0,"href":"https:\/\/www.musique-cordiale.com\/fr\/wp-json\/wp\/v2\/posts\/14948\/revisions"}],"wp:attachment":[{"href":"https:\/\/www.musique-cordiale.com\/fr\/wp-json\/wp\/v2\/media?parent=14948"}],"wp:term":[{"taxonomy":"category","embeddable":true,"href":"https:\/\/www.musique-cordiale.com\/fr\/wp-json\/wp\/v2\/categories?post=14948"},{"taxonomy":"post_tag","embeddable":true,"href":"https:\/\/www.musique-cordiale.com\/fr\/wp-json\/wp\/v2\/tags?post=14948"}],"curies":[{"name":"wp","href":"https:\/\/api.w.org\/{rel}","templated":true}]}}