{"id":14950,"date":"2011-03-06T12:05:21","date_gmt":"2011-03-06T12:05:21","guid":{"rendered":"http:\/\/dev3.musique-cordiale.com\/general\/decouverte-de-seillans\/"},"modified":"2011-03-06T12:05:21","modified_gmt":"2011-03-06T12:05:21","slug":"decouverte-de-seillans","status":"publish","type":"post","link":"https:\/\/www.musique-cordiale.com\/fr\/decouverte-de-seillans\/","title":{"rendered":"D\u00e9couverte de Seillans"},"content":{"rendered":"<p><img data-recalc-dims=\"1\" loading=\"lazy\" decoding=\"async\" class=\"alignright\" alt=\"2012-08-15 18.15.35\" src=\"https:\/\/i0.wp.com\/www.musique-cordiale.com\/new\/wp-content\/uploads\/2013\/01\/2012-08-15-18.15.35-466x350.jpg?resize=466%2C350\" width=\"466\" height=\"350\" \/>Seillans est parmi les plus beaux villages du sud dela France, niche dans les collines de l\u2019arri\u00e8re-pays, presque \u00e0 mi-chemin entre Nice et Marseilles ou Aix-en-Prevenc.<\/p>\n<p>Max Ernst s\u2019y est install\u00e9 pour y passer les vingt derni\u00e8res ann\u00e9es de sa vie.\u00a0 Seillans est une destination de vacances de r\u00eave\u00a0: un cadre naturel qui a gard\u00e9 son \u00e2pre beaut\u00e9, des centres d\u2019int\u00e9r\u00eat culturels nombreux (monuments, mus\u00e9es, vieilles cit\u00e9s), de nombreux restaurants de qualit\u00e9.<\/p>\n<p>Le festival Musique Cordiale est un des grands moments de l\u2019\u00e9t\u00e9 \u00e0 Seillans et environs que la mairie et la municipalit\u00e9 soutiennent avec l\u2019aide efficace de l\u2019Office de Tourisme.<\/p>\n","protected":false},"excerpt":{"rendered":"<p>Seillans est parmi les plus beaux villages du sud dela France, niche dans les collines de l\u2019arri\u00e8re-pays, presque \u00e0 mi-chemin entre Nice et Marseilles ou Aix-en-Prevenc. Max Ernst s\u2019y est install\u00e9 pour y passer les vingt derni\u00e8res ann\u00e9es de sa vie.\u00a0 Seillans est une destination de vacances de r\u00eave\u00a0: un cadre naturel qui a gard\u00e9 [&hellip;]<\/p>\n","protected":false},"author":4,"featured_media":15236,"comment_status":"closed","ping_status":"open","sticky":false,"template":"","format":"standard","meta":{"_acf_changed":false,"_monsterinsights_skip_tracking":false,"_monsterinsights_sitenote_active":false,"_monsterinsights_sitenote_note":"","_monsterinsights_sitenote_category":0,"_uf_show_specific_survey":0,"_uf_disable_surveys":false,"advanced_seo_description":"","jetpack_seo_html_title":"","jetpack_seo_noindex":false,"_jetpack_memberships_contains_paid_content":false,"footnotes":""},"categories":[],"tags":[],"class_list":["post-14950","post","type-post","status-publish","format-standard","has-post-thumbnail","hentry"],"acf":[],"jetpack_featured_media_url":"https:\/\/i0.wp.com\/www.musique-cordiale.com\/wp-content\/uploads\/2011\/03\/SEILLANS-BY-NIGHT-960x350.jpg?fit=960%2C350&ssl=1","jetpack_sharing_enabled":true,"jetpack-related-posts":[{"id":14966,"url":"https:\/\/www.musique-cordiale.com\/fr\/2013-est-la-9e-edition-de-musique-cordiale\/","url_meta":{"origin":14950,"position":0},"title":"2013 est&#8230; la 9\u00e8 \u00e9dition de Musique Cordiale !","author":"Pippa","date":"16\/01\/2013","format":false,"excerpt":"La 9e \u00e9dition Musique-Cordiale est un festival international qui se tiendra 6-17 Ao\u00fbt 2013 avec l'Acad\u00e9mie montage de la semaine pr\u00e9c\u00e9dente et les r\u00e9p\u00e9titions commencent le 4 Ao\u00fbt. Le festival propose 17 concerts, dont 6, y compris les \"amuse-bouche\" concert d'ouverture, sera libre. Les sites sont les villes de colline\u2026","rel":"","context":"Article similaire","block_context":{"text":"Article similaire","link":""},"img":{"alt_text":"IMG_70222012 M-C Seillans final concert from outside","src":"https:\/\/i0.wp.com\/www.musique-cordiale.com\/wp-content\/uploads\/2013\/01\/IMG_70222012-M-C-Seillans-final-concert-from-outside-300x242.jpg?resize=350%2C200","width":350,"height":200},"classes":[]},{"id":14980,"url":"https:\/\/www.musique-cordiale.com\/fr\/presse-11-juillet-2103\/","url_meta":{"origin":14950,"position":1},"title":"Presse, 11 juillet 2103","author":"Jonathan Barker","date":"11\/07\/2013","format":false,"excerpt":"PRESSE: 11 juillet 2013 \u00a0 \u00a0 \u00a0 \u00a0 \u00a0 \u00a09\u00e8me Festival International de Seillans MUSIQUE CORDIALE Du 6 au 17 ao\u00fbt 2013 Seillans - Mons - Correns - Claviers - St Rapha\u00ebl - Bargemon - Callian - Bagnols-en-For\u00eat www.musique-cordiale.com LA NUOVA MUSICA \u2022 DAVID BATES \u2022 GRAHAM ROSS \u2022 KLAZZ\u2026","rel":"","context":"Article similaire","block_context":{"text":"Article similaire","link":""},"img":{"alt_text":"Affiche - 2013 Festival: http:\/\/www.musique-cordiale.com\/programme\/","src":"https:\/\/i0.wp.com\/www.musique-cordiale.com\/wp-content\/uploads\/2013\/05\/MC2013_A4Poster2-Copy-2-214x300.jpg?resize=350%2C200","width":350,"height":200},"classes":[]},{"id":2601,"url":"https:\/\/www.musique-cordiale.com\/press-release-11-july-2013-francais\/","url_meta":{"origin":14950,"position":2},"title":"Press release 11 July 2013 (francais)","author":"Jonathan Barker","date":"11\/07\/2013","format":false,"excerpt":"PRESS: 11 juillet 2013: \u00a0 \u00a0 \u00a0 \u00a0 \u00a0 \u00a0 \u00a0 \u00a09\u00e8me Festival International de Seillans MUSIQUE CORDIALE Du 6 au 17 ao\u00fbt 2013 Seillans - Mons - Correns - Claviers - St Rapha\u00ebl - Bargemon - Callian - Bagnols-en-For\u00eat www.musique-cordiale.com LA NUOVA MUSICA \u2022 DAVID BATES \u2022 GRAHAM ROSS\u2026","rel":"","context":"Dans &quot;Press&quot;","block_context":{"text":"Press","link":"https:\/\/www.musique-cordiale.com\/category\/press\/"},"img":{"alt_text":"Musique Cordiale - Affiche - 2013 Festival","src":"https:\/\/i0.wp.com\/www.musique-cordiale.com\/wp-content\/uploads\/2013\/05\/MC2013_A4Poster2-Copy-2.jpg?fit=857%2C1200&ssl=1&resize=350%2C200","width":350,"height":200,"srcset":"https:\/\/i0.wp.com\/www.musique-cordiale.com\/wp-content\/uploads\/2013\/05\/MC2013_A4Poster2-Copy-2.jpg?fit=857%2C1200&ssl=1&resize=350%2C200 1x, https:\/\/i0.wp.com\/www.musique-cordiale.com\/wp-content\/uploads\/2013\/05\/MC2013_A4Poster2-Copy-2.jpg?fit=857%2C1200&ssl=1&resize=525%2C300 1.5x, https:\/\/i0.wp.com\/www.musique-cordiale.com\/wp-content\/uploads\/2013\/05\/MC2013_A4Poster2-Copy-2.jpg?fit=857%2C1200&ssl=1&resize=700%2C400 2x"},"classes":[]},{"id":14948,"url":"https:\/\/www.musique-cordiale.com\/fr\/communique-de-presse-janvier-2-0-1-1\/","url_meta":{"origin":14950,"position":3},"title":"COMMUNIQUE DE PRESSE  JANVIER   2 0 1 1","author":"Webmaster","date":"30\/01\/2011","format":false,"excerpt":"UN FESTIVAL DE MUSIQUE EUROPEEN 3 \u2013 13 Ao\u00fbt 2011 Si en 2010 Musique Cordiale avait une coloration nettement europ\u00e9enne, la septi\u00e8me \u00e9dition, celle de 2011, offre un programme vari\u00e9 \u00e0 la tonalit\u00e9 plus fran\u00e7aise: est-ce l\u00e0 un\u00a0 hommage rendu par la horde anglo-saxonne qui chaque \u00e9t\u00e9 envahit le village\u2026","rel":"","context":"Article similaire","block_context":{"text":"Article similaire","link":""},"img":{"alt_text":"","src":"","width":0,"height":0},"classes":[]},{"id":14968,"url":"https:\/\/www.musique-cordiale.com\/fr\/programme-du-festival-2013\/","url_meta":{"origin":14950,"position":4},"title":"Programme du Festival 2013","author":"Pippa","date":"18\/01\/2013","format":false,"excerpt":"La 9e \u00e9dition du festival international Musique-Cordiale aura lieu du 6 au17 Ao\u00fbt 2013. L\u2019Acad\u00e9mie sera le point fort de la premi\u00e8re semaine, les r\u00e9p\u00e9titions du choeur commenceront le 4 Ao\u00fbt. Le festival propose 20 concerts, le concert d\u2019ouverture, sera gratuit, comme les 8 concerts de midi et le concert\u2026","rel":"","context":"Article similaire","block_context":{"text":"Article similaire","link":""},"img":{"alt_text":"affiche 2013","src":"https:\/\/i0.wp.com\/www.musique-cordiale.com\/wp-content\/uploads\/2013\/05\/MC2013_A4Poster2-Copy-2.jpg?resize=350%2C200&ssl=1","width":350,"height":200},"classes":[]},{"id":14997,"url":"https:\/\/www.musique-cordiale.com\/fr\/concert-surprise-gratuit\/","url_meta":{"origin":14950,"position":5},"title":"CONCERT SURPRISE &#8211; gratuit","author":"Jonathan Barker","date":"29\/07\/2014","format":false,"excerpt":"Dimanche 10 ao\u00fbt\u00a0\u00c9glise de Seillans\u00a019h00\u00a0\u2013\u00a0CONCERT SURPRISE:\u00a0Andrew Staples, t\u00e9nor\u00a0\u2013 r\u00e9cital,\u00a0Rebecca Taylor piano,\u00a0Entr\u00e9e Gratuite ......\u00a0Frais du concert d'ouverture de la BBC Proms cette ann\u00e9e et avec nous bri\u00e8vement entre les performances au Festival de Salzbourg, Andy Staples revient \u00e0 Musique Cordiale pour un r\u00e9cital \u00e0 Seillans dans un concert suppl\u00e9mentaire ( ).\u2026","rel":"","context":"Article similaire","block_context":{"text":"Article similaire","link":""},"img":{"alt_text":"Andrew Staples with Graham Ross at Musique Cordiale","src":"https:\/\/i0.wp.com\/www.musique-cordiale.com\/wp-content\/uploads\/2011\/03\/4868509518_626c70d3a0_b-300x109.jpg?resize=350%2C200","width":350,"height":200},"classes":[]}],"jetpack_shortlink":"https:\/\/wp.me\/paEPkm-3T8","_links":{"self":[{"href":"https:\/\/www.musique-cordiale.com\/fr\/wp-json\/wp\/v2\/posts\/14950","targetHints":{"allow":["GET"]}}],"collection":[{"href":"https:\/\/www.musique-cordiale.com\/fr\/wp-json\/wp\/v2\/posts"}],"about":[{"href":"https:\/\/www.musique-cordiale.com\/fr\/wp-json\/wp\/v2\/types\/post"}],"author":[{"embeddable":true,"href":"https:\/\/www.musique-cordiale.com\/fr\/wp-json\/wp\/v2\/users\/4"}],"replies":[{"embeddable":true,"href":"https:\/\/www.musique-cordiale.com\/fr\/wp-json\/wp\/v2\/comments?post=14950"}],"version-history":[{"count":0,"href":"https:\/\/www.musique-cordiale.com\/fr\/wp-json\/wp\/v2\/posts\/14950\/revisions"}],"wp:featuredmedia":[{"embeddable":true,"href":"https:\/\/www.musique-cordiale.com\/fr\/wp-json\/wp\/v2\/media\/15236"}],"wp:attachment":[{"href":"https:\/\/www.musique-cordiale.com\/fr\/wp-json\/wp\/v2\/media?parent=14950"}],"wp:term":[{"taxonomy":"category","embeddable":true,"href":"https:\/\/www.musique-cordiale.com\/fr\/wp-json\/wp\/v2\/categories?post=14950"},{"taxonomy":"post_tag","embeddable":true,"href":"https:\/\/www.musique-cordiale.com\/fr\/wp-json\/wp\/v2\/tags?post=14950"}],"curies":[{"name":"wp","href":"https:\/\/api.w.org\/{rel}","templated":true}]}}