{"id":14952,"date":"2011-03-24T15:52:01","date_gmt":"2011-03-24T15:52:01","guid":{"rendered":"http:\/\/dev3.musique-cordiale.com\/general\/festival-2011\/"},"modified":"2011-03-24T15:52:01","modified_gmt":"2011-03-24T15:52:01","slug":"festival-2011","status":"publish","type":"post","link":"https:\/\/www.musique-cordiale.com\/fr\/festival-2011\/","title":{"rendered":"Festival 2011"},"content":{"rendered":"<p>PROGRAMME MUSIQUE CORDIALE 2011<img data-recalc-dims=\"1\" loading=\"lazy\" decoding=\"async\" style=\"float: right;\" alt=\"MC 2011 poster\" src=\"https:\/\/i0.wp.com\/www.musique-cordiale.com\/wp-content\/uploads\/2011\/03\/2011-poster.jpg?resize=200%2C281\" width=\"200\" height=\"281\" \/><\/p>\n<p><strong>mer 3 ao\u00fbt 12.30<\/strong> Chapelle Notre Dame de l\u2019Ormeau<br \/> Musique \u00e0 midi<br \/> Entr\u00e9e gratuite<\/p>\n<p><strong>mer 3 ao\u00fbt 19h<\/strong> Seillans Place du Valat<br \/> Theatre &#038; Musique<br \/> Strawinsky \u2022 L\u2019Histoire du Soldat<br \/> Violon\u2022 Peter Liang<br \/> Narrateur \u2022 Christopher Widauer<br \/> Direction \u2022 Peter Davies<br \/> -o- Entracte -o-<br \/> Jazz<br \/> Remi Harris Trio<br \/> Jean Marie Reboul pianoforte<br \/> Tristan Fry &#8211; drums<br \/> Prix 25\u20ac<\/p>\n<p>jeudi 4 ao\u00fbt 19h<\/p>\n<p>Mons \u00e9glise<br \/> Musique pour le Coeur<br \/> Debussy \u2022 Trio pour harpe, fl\u00fbte &#038; alto<br \/> Ravel \u2022 Introduction &#038; Allegro<br \/> programme \u00e0 confirmer<br \/> Prix 20\u20ac<\/p>\n<p>ven 5 ao\u00fbt 12.30<\/p>\n<p>Chapelle Notre Dame de l\u2019Ormeau<br \/> Musique \u00e0 midi<br \/> Entr\u00e9e gratuite<\/p>\n<p>ven 5 ao\u00fbt 19h<\/p>\n<p>Seillans \u00e9glise<br \/> Concert d\u2019Orchestre<br \/> Bach \u2022 Concerto pour 2 violons<br \/> Peter Liang &#038; Sophie Rosa violons<br \/> Schoenberg \u2022 La nuit transfigur\u00e9e<br \/> Mozart \u2022 Concerto pour cor n\u00b0 4<br \/> Timothy Brown \u2022 cor<br \/> Dvorak \u2022 S\u00e9r\u00e9nade<br \/> Direction \u2022 Peter Davies<br \/> Prix 25\u20ac<\/p>\n<p>sam 6 ao\u00fbt 21h<\/p>\n<p>Op\u00e9ra Seillans Place du Valat<br \/> Puccini \u2022 \u2018La Boh\u00e8me\u2019<br \/> Mimi \u2022 Ilona Domenich<br \/> Musetta \u2022 Keri Fuge<br \/> Rodolpho \u2022 Alistair Digges<br \/> Marcello \u2022 Charles Rice<br \/> Schaunard \u2022 Richard Latham<br \/> Colline \u2022 Tim Dickinson<br \/> Mise en sc\u00e8ne \u2022 Andrew Staples<br \/> Dir\u00e9ction \u2022 Steven Moore<br \/> Prix 35\u20ac<br \/> www.vignetteproductions.co.uk<\/p>\n<p>dim 7 ao\u00fbt 21h<\/p>\n<p>Seillans &#8211; Eglise<br \/> Concert de l\u2019Acad\u00e9mie<br \/> Vivaldi \u2022 Concerto pour 4 violons<br \/> Stamitz \u2022 Concerto pour fl\u00fbte de pan en sol majeur<br \/> Fl\u00fbte de pan Michel Tirabosco<br \/> Haendel \u2022 Hail the Bright Seraphim<br \/> Villa Loboz \u2022 Bachianas Brasileiras<br \/> Soprano solo Keri Fuge<br \/> V.Williams \u2022 Fantasia on a theme of Thomas Tallis<br \/> Direction Tom Seligman<br \/> Prix 20\u20ac<\/p>\n<p>lundi 8 ao\u00fbt 21h<\/p>\n<p>Op\u00e9ra Seillans Place du Valat<br \/> Puccini \u2022 \u2018La Boh\u00e8me\u2019<br \/> Mimi \u2022 Ilona Domenich<br \/> Musetta \u2022 Keri Fuge<br \/> Rodolpho \u2022 Alistair Digges<br \/> Marcello \u2022 Charles Rice<br \/> Schaunard \u2022 Richard Latham<br \/> Colline \u2022 Tim Dickinson<br \/> Mise en sc\u00e8ne \u2022 Andrew Staples<br \/> Dir\u00e9ction \u2022 Steven Moore<br \/> Prix 35\u20ac<br \/> www.vignetteproductions.co.uk<\/p>\n<p>mardi 9 ao\u00fbt 19h<\/p>\n<p>Bargemon \u00e9glise<br \/> Airs d\u2019Op\u00e9ra avec solistes de Vignette Productions<br \/> Andrew Staples \u2022 Ilona Domenich<br \/> Keri Fuge \u2022 Alistair Digges<br \/> Richard Latham \u2022 Charles Rice<br \/> Tim Dickinson \u2022<br \/> Steven Moore piano<br \/> Prix 20\u20ac<\/p>\n<p>mardi 9 ao\u00fbt 21h<\/p>\n<p>St Rapha\u00ebl Jardin<br \/> Strawinsky \u2022 L\u2019Histoire du Soldat<br \/> Violon\u2022 Peter Liang<br \/> Narrateur \u2022 Christopher Widauer<br \/> Direction \u2022 Peter Davies<\/p>\n<p>mer 10 ao\u00fbt 12.30<\/p>\n<p>Chapelle Notre Dame de l\u2019Ormeau<br \/> Musique \u00e0 midi<br \/> Entr\u00e9e gratuite<\/p>\n<p>merc 10 ao\u00fbt 19h<\/p>\n<p>Jazz \u00e0 Seillans<br \/> Place du Valat<br \/> Trio Freddy Roux<br \/> Prix 25\u20ac<\/p>\n<p>jeudi 11 ao\u00fbt 19h<\/p>\n<p>Bagnols \u00e9glise<br \/> Bach \u2022 La Passion selon Saint Jean<br \/> Andrew Staples t\u00e9nor<br \/> Direction Tom Seligman<br \/> Prix 25\u20ac<\/p>\n<p>ven 12 ao\u00fbt 12.30<\/p>\n<p>Chapelle Notre Dame de l\u2019Ormeau<br \/> Musique \u00e0 midi<br \/> Entr\u00e9e gratuite<\/p>\n<p>ven 12 ao\u00fbt 19h<\/p>\n<p>Seillans \u00e9glise<br \/> Concert choeur et cordes<br \/> Durufl\u00e9 \u2022 Motets<br \/> Saint Sa\u00ebns \u2022 Calme des Nuits<br \/> Messiaen \u2022 O sacrum convivium<br \/> Debussy \u2022 3 chansons<br \/> Faur\u00e9 \u2022 Cantique de Jean Racine<br \/> Direction Peter Davies<br \/> Prix 20\u20ac<\/p>\n<p>s\u00ebam 13 ao\u00fbt 19h<\/p>\n<p>Seillans \u00e9glise<br \/> Bach \u2022 La Passion selon Saint Jean<br \/> Andrew Staples t\u00e9nor<br \/> Direction Tom Seligman<br \/> Prix 25\u20ac<\/p>\n","protected":false},"excerpt":{"rendered":"<p>PROGRAMME MUSIQUE CORDIALE 2011 mer 3 ao\u00fbt 12.30 Chapelle Notre Dame de l\u2019Ormeau Musique \u00e0 midi Entr\u00e9e gratuite mer 3 ao\u00fbt 19h Seillans Place du Valat Theatre &#038; Musique Strawinsky \u2022 L\u2019Histoire du Soldat Violon\u2022 Peter Liang Narrateur \u2022 Christopher Widauer Direction \u2022 Peter Davies -o- Entracte -o- Jazz Remi Harris Trio Jean Marie Reboul [&hellip;]<\/p>\n","protected":false},"author":4,"featured_media":0,"comment_status":"closed","ping_status":"closed","sticky":false,"template":"","format":"standard","meta":{"_acf_changed":false,"_monsterinsights_skip_tracking":false,"_monsterinsights_sitenote_active":false,"_monsterinsights_sitenote_note":"","_monsterinsights_sitenote_category":0,"_uf_show_specific_survey":0,"_uf_disable_surveys":false,"advanced_seo_description":"","jetpack_seo_html_title":"","jetpack_seo_noindex":false,"_jetpack_memberships_contains_paid_content":false,"footnotes":""},"categories":[],"tags":[],"class_list":["post-14952","post","type-post","status-publish","format-standard","hentry"],"acf":[],"jetpack_featured_media_url":"","jetpack_sharing_enabled":true,"jetpack-related-posts":[{"id":9942,"url":"https:\/\/www.musique-cordiale.com\/festival-2014\/","url_meta":{"origin":14952,"position":0},"title":"Festival 2014","author":"Hannah Stodart","date":"10\/09\/2015","format":false,"excerpt":"Dimanche 3 ao\u00fbt Seillans Salle Polyvalente, 19h00:\u00a0Ouverture du Festival \u2013 Concert Amuse Bouche,\u00a0 Chant, Ensemble et convivialit\u00e9, Dima Bawab (soprano) Adam Javorkai (violoncelle), Clara Biermasz (piano), Entr\u00e9e 25\u20ac incl. Collation+boisson \u00e0 l\u2019entracte Lundi 4 ao\u00fbt\u00a0Concert de Midi\u00a012h30: Chapelle Notre Dame de l\u2019Ormeau Seillans, Entr\u00e9e gratuite Lundi 4\u00a0ao\u00fbt Domaine Val D'Iris\u2026","rel":"","context":"Dans &quot;General&quot;","block_context":{"text":"General","link":"https:\/\/www.musique-cordiale.com\/category\/general\/"},"img":{"alt_text":"mc2014_Programme14A3-version 7 JULY_Page_1","src":"https:\/\/i0.wp.com\/www.musique-cordiale.com\/wp-content\/uploads\/2014\/07\/mc2014_Programme14A3-version-7-JULY_Page_1-212x300.jpeg?resize=350%2C200","width":350,"height":200},"classes":[]},{"id":14958,"url":"https:\/\/www.musique-cordiale.com\/fr\/festival-2012\/","url_meta":{"origin":14952,"position":1},"title":"Festival 2012","author":"Jonathan Barker","date":"31\/07\/2012","format":false,"excerpt":"Musique Cordiale 2012 Mardi 7 ao\u00fbt, 19h Salle Polyvalente Soir\u00e9e musicale et gastronomique www.institut-gastronomie-riviera.com Entr\u00e9e 65\u20ac champagne, d\u00eener et vin compris \u00a0 Mercredi 8 ao\u00fbt, 12h Chapelle N-D de l\u2019Ormeau, Seillans CONCERT DE MIDI Ravel Le Tombeau de Couperin Debussy Quatuor \u00e0 Cordes Entr\u00e9e gratuite \u00a0 Mercredi 8 ao\u00fbt, 19h\u2026","rel":"","context":"Article similaire","block_context":{"text":"Article similaire","link":""},"img":{"alt_text":"MC poster 2012","src":"https:\/\/i0.wp.com\/www.musique-cordiale.com\/wp-content\/uploads\/2012\/06\/7407456568_11f7b29194_b.jpg?resize=350%2C200","width":350,"height":200},"classes":[]},{"id":14968,"url":"https:\/\/www.musique-cordiale.com\/fr\/programme-du-festival-2013\/","url_meta":{"origin":14952,"position":2},"title":"Programme du Festival 2013","author":"Pippa","date":"18\/01\/2013","format":false,"excerpt":"La 9e \u00e9dition du festival international Musique-Cordiale aura lieu du 6 au17 Ao\u00fbt 2013. L\u2019Acad\u00e9mie sera le point fort de la premi\u00e8re semaine, les r\u00e9p\u00e9titions du choeur commenceront le 4 Ao\u00fbt. Le festival propose 20 concerts, le concert d\u2019ouverture, sera gratuit, comme les 8 concerts de midi et le concert\u2026","rel":"","context":"Article similaire","block_context":{"text":"Article similaire","link":""},"img":{"alt_text":"affiche 2013","src":"https:\/\/i0.wp.com\/www.musique-cordiale.com\/wp-content\/uploads\/2013\/05\/MC2013_A4Poster2-Copy-2.jpg?resize=350%2C200&ssl=1","width":350,"height":200},"classes":[]},{"id":14972,"url":"https:\/\/www.musique-cordiale.com\/fr\/festival-2013-2\/","url_meta":{"origin":14952,"position":3},"title":"Festival 2013","author":"Webmaster","date":"24\/01\/2013","format":false,"excerpt":"Musique Cordiale 2013 La 9e \u00e9dition du festival international Musique-Cordiale aura lieu du 6 au17 Ao\u00fbt 2013. L\u2019Acad\u00e9mie sera le point fort de la premi\u00e8re semaine, les r\u00e9p\u00e9titions du choeur commenceront le 4 Ao\u00fbt. Le festival propose 20 concerts, le concert d\u2019ouverture, sera gratuit, comme les 8 concerts de midi\u2026","rel":"","context":"Article similaire","block_context":{"text":"Article similaire","link":""},"img":{"alt_text":"festival 2013","src":"https:\/\/i0.wp.com\/www.musique-cordiale.com\/wp-content\/uploads\/2013\/05\/MC2013_A4Poster2-Copy-2.jpg?resize=350%2C200","width":350,"height":200},"classes":[]},{"id":14962,"url":"https:\/\/www.musique-cordiale.com\/fr\/concerts-de-midi-2013\/","url_meta":{"origin":14952,"position":4},"title":"Concerts de Midi 2013","author":"Webmaster","date":"06\/01\/2013","format":false,"excerpt":"Nous allons continuer \u00e0 utiliser la Chapelle Notre-Dame de l\u2019Ormeau, l\u2019un des plus beaux monuments de Seillans, pour des concerts gratuits de midi. La Chapelle Notre-Dame de l\u2019Ormeau date du 12\u00e8me si\u00e8cle, elle se trouve \u00e0 l\u2019entr\u00e9e sud du village, en face de l\u2019ancienne gare de ligne qui serpentait autrefois\u2026","rel":"","context":"Article similaire","block_context":{"text":"Article similaire","link":""},"img":{"alt_text":"Snapshot 1 (13-09-2012 11-27) M-C Mons Caroline Inderbitzen","src":"https:\/\/i0.wp.com\/www.musique-cordiale.com\/wp-content\/uploads\/2013\/01\/Snapshot-1-13-09-2012-11-27-M-C-Mons-Caroline-Inderbitzen-300x169.jpg?resize=350%2C200","width":350,"height":200},"classes":[]},{"id":14997,"url":"https:\/\/www.musique-cordiale.com\/fr\/concert-surprise-gratuit\/","url_meta":{"origin":14952,"position":5},"title":"CONCERT SURPRISE &#8211; gratuit","author":"Jonathan Barker","date":"29\/07\/2014","format":false,"excerpt":"Dimanche 10 ao\u00fbt\u00a0\u00c9glise de Seillans\u00a019h00\u00a0\u2013\u00a0CONCERT SURPRISE:\u00a0Andrew Staples, t\u00e9nor\u00a0\u2013 r\u00e9cital,\u00a0Rebecca Taylor piano,\u00a0Entr\u00e9e Gratuite ......\u00a0Frais du concert d'ouverture de la BBC Proms cette ann\u00e9e et avec nous bri\u00e8vement entre les performances au Festival de Salzbourg, Andy Staples revient \u00e0 Musique Cordiale pour un r\u00e9cital \u00e0 Seillans dans un concert suppl\u00e9mentaire ( ).\u2026","rel":"","context":"Article similaire","block_context":{"text":"Article similaire","link":""},"img":{"alt_text":"Andrew Staples with Graham Ross at Musique Cordiale","src":"https:\/\/i0.wp.com\/www.musique-cordiale.com\/wp-content\/uploads\/2011\/03\/4868509518_626c70d3a0_b-300x109.jpg?resize=350%2C200","width":350,"height":200},"classes":[]}],"jetpack_shortlink":"https:\/\/wp.me\/paEPkm-3Ta","_links":{"self":[{"href":"https:\/\/www.musique-cordiale.com\/fr\/wp-json\/wp\/v2\/posts\/14952","targetHints":{"allow":["GET"]}}],"collection":[{"href":"https:\/\/www.musique-cordiale.com\/fr\/wp-json\/wp\/v2\/posts"}],"about":[{"href":"https:\/\/www.musique-cordiale.com\/fr\/wp-json\/wp\/v2\/types\/post"}],"author":[{"embeddable":true,"href":"https:\/\/www.musique-cordiale.com\/fr\/wp-json\/wp\/v2\/users\/4"}],"replies":[{"embeddable":true,"href":"https:\/\/www.musique-cordiale.com\/fr\/wp-json\/wp\/v2\/comments?post=14952"}],"version-history":[{"count":0,"href":"https:\/\/www.musique-cordiale.com\/fr\/wp-json\/wp\/v2\/posts\/14952\/revisions"}],"wp:attachment":[{"href":"https:\/\/www.musique-cordiale.com\/fr\/wp-json\/wp\/v2\/media?parent=14952"}],"wp:term":[{"taxonomy":"category","embeddable":true,"href":"https:\/\/www.musique-cordiale.com\/fr\/wp-json\/wp\/v2\/categories?post=14952"},{"taxonomy":"post_tag","embeddable":true,"href":"https:\/\/www.musique-cordiale.com\/fr\/wp-json\/wp\/v2\/tags?post=14952"}],"curies":[{"name":"wp","href":"https:\/\/api.w.org\/{rel}","templated":true}]}}