{"id":14954,"date":"2012-03-29T17:08:07","date_gmt":"2012-03-29T17:08:07","guid":{"rendered":"http:\/\/dev3.musique-cordiale.com\/press\/classique-et-jazz\/"},"modified":"2012-03-29T17:08:07","modified_gmt":"2012-03-29T17:08:07","slug":"classique-et-jazz","status":"publish","type":"post","link":"https:\/\/www.musique-cordiale.com\/fr\/classique-et-jazz\/","title":{"rendered":"Classique et Jazz"},"content":{"rendered":"<p>\u00a0<\/p>\n<figure id=\"attachment_796\" aria-describedby=\"caption-attachment-796\" style=\"width: 300px\" class=\"wp-caption alignright\"><a href=\"http:\/\/www.musique-cordiale.com\/jazz\/jazz\/attachment\/samuel-photo_9-4\/\" rel=\"attachment wp-att-796\"><img data-recalc-dims=\"1\" loading=\"lazy\" decoding=\"async\" class=\"size-medium wp-image-796 \" title=\"SAMUEL PHOTO_9\" alt=\"Samuel Rohrer\" src=\"https:\/\/i0.wp.com\/www.musique-cordiale.com\/wp-content\/uploads\/2011\/03\/SAMUEL-PHOTO_93-300x204.jpg?resize=300%2C204\" width=\"300\" height=\"204\" srcset=\"https:\/\/i0.wp.com\/www.musique-cordiale.com\/wp-content\/uploads\/2011\/03\/SAMUEL-PHOTO_93.jpg?resize=300%2C204&amp;ssl=1 300w, https:\/\/i0.wp.com\/www.musique-cordiale.com\/wp-content\/uploads\/2011\/03\/SAMUEL-PHOTO_93.jpg?resize=600%2C410&amp;ssl=1 600w, https:\/\/i0.wp.com\/www.musique-cordiale.com\/wp-content\/uploads\/2011\/03\/SAMUEL-PHOTO_93.jpg?resize=512%2C350&amp;ssl=1 512w, https:\/\/i0.wp.com\/www.musique-cordiale.com\/wp-content\/uploads\/2011\/03\/SAMUEL-PHOTO_93.jpg?w=640&amp;ssl=1 640w\" sizes=\"auto, (max-width: 300px) 100vw, 300px\" \/><\/a><figcaption id=\"caption-attachment-796\" class=\"wp-caption-text\"><a href=\"http:\/\/www.samuelrohrer.com\">Samuel Rohrer<\/a><\/figcaption><\/figure>\n<h2><span style=\"color: #ff0000;\"><strong>2013<\/strong>:<\/span><\/h2>\n<h2>KLAZZ Brothers<\/h2>\n<h2>Classic meets Jazz &#8211;\u00a0<em><strong>rencontre Classique et Jazz\u00a0<\/strong><\/em><\/h2>\n<h2>+ Michel Tirabosco &#8211; Music with a difference\u00a0<\/h2>\n<h2><strong>2013 information ici <em>bientot<\/em><\/strong><\/h2>\n<h2><strong><em>concerts de jazz du Festival Musique Cordiale <\/em><\/strong><\/h2>\n<h2><strong><em>cette annee\u00a0<\/em><\/strong><em id=\"__mceDel\"><strong><em>a Seillans et St Raphael\u00a0<\/em><\/strong><\/em><\/h2>\n<p>\u00a0<\/p>\n<p>\u00a0<\/p>\n<p>___________________________________________________________<\/p>\n<figure id=\"attachment_1021\" aria-describedby=\"caption-attachment-1021\" style=\"width: 214px\" class=\"wp-caption alignleft\"><a href=\"http:\/\/www.musique-cordiale.com\/jazz\/jazz\/attachment\/louise_studio_hi-res_35-2\" rel=\"attachment wp-att-1021\"><img data-recalc-dims=\"1\" loading=\"lazy\" decoding=\"async\" class=\"size-medium wp-image-1021 \" title=\"Louise GOlbey\" alt=\"Louise Golbey\" src=\"https:\/\/i0.wp.com\/www.musique-cordiale.com\/wp-content\/uploads\/2011\/03\/Louise_Studio_Hi-Res_351-214x300.jpg?resize=214%2C300\" width=\"214\" height=\"300\" srcset=\"https:\/\/i0.wp.com\/www.musique-cordiale.com\/wp-content\/uploads\/2011\/03\/Louise_Studio_Hi-Res_351-scaled.jpg?resize=214%2C300&amp;ssl=1 214w, https:\/\/i0.wp.com\/www.musique-cordiale.com\/wp-content\/uploads\/2011\/03\/Louise_Studio_Hi-Res_351-scaled.jpg?resize=750%2C1050&amp;ssl=1 750w, https:\/\/i0.wp.com\/www.musique-cordiale.com\/wp-content\/uploads\/2011\/03\/Louise_Studio_Hi-Res_351-scaled.jpg?resize=768%2C1075&amp;ssl=1 768w, https:\/\/i0.wp.com\/www.musique-cordiale.com\/wp-content\/uploads\/2011\/03\/Louise_Studio_Hi-Res_351-scaled.jpg?resize=1097%2C1536&amp;ssl=1 1097w, https:\/\/i0.wp.com\/www.musique-cordiale.com\/wp-content\/uploads\/2011\/03\/Louise_Studio_Hi-Res_351-scaled.jpg?resize=1463%2C2048&amp;ssl=1 1463w, https:\/\/i0.wp.com\/www.musique-cordiale.com\/wp-content\/uploads\/2011\/03\/Louise_Studio_Hi-Res_351-scaled.jpg?resize=600%2C840&amp;ssl=1 600w, https:\/\/i0.wp.com\/www.musique-cordiale.com\/wp-content\/uploads\/2011\/03\/Louise_Studio_Hi-Res_351-scaled.jpg?resize=249%2C350&amp;ssl=1 249w, https:\/\/i0.wp.com\/www.musique-cordiale.com\/wp-content\/uploads\/2011\/03\/Louise_Studio_Hi-Res_351-scaled.jpg?w=1828&amp;ssl=1 1828w, https:\/\/i0.wp.com\/www.musique-cordiale.com\/wp-content\/uploads\/2011\/03\/Louise_Studio_Hi-Res_351-scaled.jpg?w=1280&amp;ssl=1 1280w\" sizes=\"auto, (max-width: 214px) 100vw, 214px\" \/><\/a><figcaption id=\"caption-attachment-1021\" class=\"wp-caption-text\"><a href=\"http:\/\/www.louisegolbey.com\">Louise Golbey<\/a><\/figcaption><\/figure>\n<p>Un trio etait form\u00e9 pour le concert de jazz de Musique Cordiale <strong>2012<\/strong>\u00a0&#8230;&#8230;.. Jean-Marie Reboul, une figure bien connue de Musique Cordiale pour son agilit\u00e9 et son large r\u00e9pertoire, tiendra le piano ; Claude Meier, un bassiste et p\u00e9dagogue zurichois, se joindra \u00e0 lui avec le c\u00e9l\u00e8bre batteur Suisse Samuel Rohrer. Louise Golbey, chanteuse et compositrice dans le style Jazz\/Soul s\u2019est d\u00e9j\u00e0 produite \u00e0 Glastonbury, elle enregistre dans les studios de Maida Vale, elle a particip\u00e9 \u00e0 des concerts avec des artistes de renom comme George Benson et Alexander O\u2019Neal. Elle chante r\u00e9guli\u00e8rement sur la sc\u00e8ne londonienne, Ronnie Scott\u2019s et The Jazz Caf\u00e9. Elle est ravie de venir se produire en France pour la premi\u00e8re fois dans le cadre de Musique Cordiale. Ce concert aura lieu \u00e0 la salle Polyvalente de Seillans dont l\u2019acoustique fera merveille pour ce concert<\/p>\n<figure id=\"attachment_1043\" aria-describedby=\"caption-attachment-1043\" style=\"width: 300px\" class=\"wp-caption alignright\"><a href=\"https:\/\/i0.wp.com\/www.musique-cordiale.com\/wp-content\/uploads\/2011\/03\/claude77.jpg\"><img data-recalc-dims=\"1\" loading=\"lazy\" decoding=\"async\" class=\"size-medium wp-image-1043 \" title=\"claude77\" alt=\"\" src=\"https:\/\/i0.wp.com\/www.musique-cordiale.com\/wp-content\/uploads\/2011\/03\/claude77-300x200.jpg?resize=300%2C200\" width=\"300\" height=\"200\" srcset=\"https:\/\/i0.wp.com\/www.musique-cordiale.com\/wp-content\/uploads\/2011\/03\/claude77.jpg?resize=300%2C200&amp;ssl=1 300w, https:\/\/i0.wp.com\/www.musique-cordiale.com\/wp-content\/uploads\/2011\/03\/claude77.jpg?resize=750%2C500&amp;ssl=1 750w, https:\/\/i0.wp.com\/www.musique-cordiale.com\/wp-content\/uploads\/2011\/03\/claude77.jpg?resize=525%2C350&amp;ssl=1 525w, https:\/\/i0.wp.com\/www.musique-cordiale.com\/wp-content\/uploads\/2011\/03\/claude77.jpg?w=1404&amp;ssl=1 1404w, https:\/\/i0.wp.com\/www.musique-cordiale.com\/wp-content\/uploads\/2011\/03\/claude77.jpg?w=1280&amp;ssl=1 1280w\" sizes=\"auto, (max-width: 300px) 100vw, 300px\" \/><\/a><figcaption id=\"caption-attachment-1043\" class=\"wp-caption-text\"><a href=\"http:\/\/www.claudemeier.ch\" target=\"_\">Claude Meier<\/a><\/figcaption><\/figure>\n<p>\u00a0<\/p>\n","protected":false},"excerpt":{"rendered":"<p>\u00a0 2013: KLAZZ Brothers Classic meets Jazz &#8211;\u00a0rencontre Classique et Jazz\u00a0 + Michel Tirabosco &#8211; Music with a difference\u00a0 2013 information ici bientot concerts de jazz du Festival Musique Cordiale cette annee\u00a0a Seillans et St Raphael\u00a0 \u00a0 \u00a0 ___________________________________________________________ Un trio etait form\u00e9 pour le concert de jazz de Musique Cordiale 2012\u00a0&#8230;&#8230;.. Jean-Marie Reboul, une [&hellip;]<\/p>\n","protected":false},"author":4,"featured_media":0,"comment_status":"open","ping_status":"open","sticky":false,"template":"","format":"standard","meta":{"_acf_changed":false,"_monsterinsights_skip_tracking":false,"_monsterinsights_sitenote_active":false,"_monsterinsights_sitenote_note":"","_monsterinsights_sitenote_category":0,"_uf_show_specific_survey":0,"_uf_disable_surveys":false,"advanced_seo_description":"","jetpack_seo_html_title":"","jetpack_seo_noindex":false,"_jetpack_memberships_contains_paid_content":false,"footnotes":""},"categories":[],"tags":[],"class_list":["post-14954","post","type-post","status-publish","format-standard","hentry"],"acf":[],"jetpack_featured_media_url":"","jetpack_sharing_enabled":true,"jetpack-related-posts":[{"id":140,"url":"https:\/\/www.musique-cordiale.com\/jazz\/","url_meta":{"origin":14954,"position":0},"title":"Classic meets Jazz","author":"Webmaster","date":"29\/03\/2012","format":false,"excerpt":"2013: KLAZZ Brothers Classic meets Jazz -\u00a0rencontre Classique et Jazz\u00a0 + Michel Tirabosco - Music with a difference\u00a0 2013 information here soon:\u00a0 Musique Cordiale Festival jazz concerts this year\u00a0in Seillans & St Raphael\u00a0 \u00a0 \u00a0 _______________________________________ The jazz concert at Musique Cordiale 2012 consisted of a piano trio who came\u2026","rel":"","context":"Dans &quot;Press&quot;","block_context":{"text":"Press","link":"https:\/\/www.musique-cordiale.com\/category\/press\/"},"img":{"alt_text":"Lousie Golbey","src":"https:\/\/i0.wp.com\/www.musique-cordiale.com\/wp-content\/uploads\/2011\/03\/Louise_Studio_Hi-Res_351-scaled.jpg?fit=857%2C1200&ssl=1&resize=350%2C200","width":350,"height":200,"srcset":"https:\/\/i0.wp.com\/www.musique-cordiale.com\/wp-content\/uploads\/2011\/03\/Louise_Studio_Hi-Res_351-scaled.jpg?fit=857%2C1200&ssl=1&resize=350%2C200 1x, https:\/\/i0.wp.com\/www.musique-cordiale.com\/wp-content\/uploads\/2011\/03\/Louise_Studio_Hi-Res_351-scaled.jpg?fit=857%2C1200&ssl=1&resize=525%2C300 1.5x, https:\/\/i0.wp.com\/www.musique-cordiale.com\/wp-content\/uploads\/2011\/03\/Louise_Studio_Hi-Res_351-scaled.jpg?fit=857%2C1200&ssl=1&resize=700%2C400 2x"},"classes":[]},{"id":14986,"url":"https:\/\/www.musique-cordiale.com\/fr\/classic-meets-jazz\/","url_meta":{"origin":14954,"position":1},"title":"Classic meets Jazz","author":"Jonathan Barker","date":"10\/08\/2013","format":false,"excerpt":"This is a rare gem: the kind of jazz concert that classical music-lovers LOVE! And so do jazz-lovers! Don'y miss it! and all part of the 2013 Musique-Cordiale festival! Maria Markesini from Greece + Klazz Brothers from Dresden. 21h, en pleine aire, Place de Valat, SEILLANS, Var, Provence!","rel":"","context":"Article similaire","block_context":{"text":"Article similaire","link":""},"img":{"alt_text":"","src":"","width":0,"height":0},"classes":[]},{"id":2911,"url":"https:\/\/www.musique-cordiale.com\/classic-meets-jazz-2\/","url_meta":{"origin":14954,"position":2},"title":"Classic meets Jazz","author":"Jonathan Barker","date":"10\/08\/2013","format":false,"excerpt":"This is a rare gem: the kind of jazz concert that classical music-lovers LOVE! And so do jazz-lovers! Don'y miss it! and all part of the 2013 Musique-Cordiale festival! Maria Markesini from Greece + Klazz Brothers from Dresden. 21h, en pleine aire, Place de Valat, SEILLANS, Var, Provence!","rel":"","context":"Dans &quot;Press&quot;","block_context":{"text":"Press","link":"https:\/\/www.musique-cordiale.com\/category\/press\/"},"img":{"alt_text":"","src":"","width":0,"height":0},"classes":[]},{"id":138,"url":"https:\/\/www.musique-cordiale.com\/opera\/","url_meta":{"origin":14954,"position":3},"title":"Opera &#038; Ensembles","author":"Webmaster","date":"02\/01\/2013","format":false,"excerpt":"Between 6 and 17 August, there is to be a full and diverse programme of 17 concerts during the 2013 festival. The expanded \u00a0Academy for young and talented music students will take place for a week from 3-10 August and the orchestra & La Nuova Musica, our ensemble in residence\u2026","rel":"","context":"Dans &quot;Press&quot;","block_context":{"text":"Press","link":"https:\/\/www.musique-cordiale.com\/category\/press\/"},"img":{"alt_text":"","src":"","width":0,"height":0},"classes":[]},{"id":14960,"url":"https:\/\/www.musique-cordiale.com\/fr\/opera-ensembles\/","url_meta":{"origin":14954,"position":4},"title":"Opera &#038; Ensembles","author":"Webmaster","date":"02\/01\/2013","format":false,"excerpt":"Entre le 6 et le 17 Ao\u00fbt, 17 concerts de genres tr\u00e8s divers seront offerts au public dans le cadre du festival 2013. L\u2019Acad\u00e9mie pour jeunes et talentueux \u00e9tudiants en musique aura lieu pendant une semaine 3-10 Ao\u00fbt\u00a0et l'orchestre & La Nuova Musica, notre ensemble en r\u00e9sidence pour l'ann\u00e9e 2013,\u2026","rel":"","context":"Article similaire","block_context":{"text":"Article similaire","link":""},"img":{"alt_text":"2013 Festival","src":"https:\/\/i0.wp.com\/www.musique-cordiale.com\/wp-content\/uploads\/2013\/01\/M-C-Verde-2013-POSTER-300x212.jpg?resize=350%2C200","width":350,"height":200},"classes":[]},{"id":2601,"url":"https:\/\/www.musique-cordiale.com\/press-release-11-july-2013-francais\/","url_meta":{"origin":14954,"position":5},"title":"Press release 11 July 2013 (francais)","author":"Jonathan Barker","date":"11\/07\/2013","format":false,"excerpt":"PRESS: 11 juillet 2013: \u00a0 \u00a0 \u00a0 \u00a0 \u00a0 \u00a0 \u00a0 \u00a09\u00e8me Festival International de Seillans MUSIQUE CORDIALE Du 6 au 17 ao\u00fbt 2013 Seillans - Mons - Correns - Claviers - St Rapha\u00ebl - Bargemon - Callian - Bagnols-en-For\u00eat www.musique-cordiale.com LA NUOVA MUSICA \u2022 DAVID BATES \u2022 GRAHAM ROSS\u2026","rel":"","context":"Dans &quot;Press&quot;","block_context":{"text":"Press","link":"https:\/\/www.musique-cordiale.com\/category\/press\/"},"img":{"alt_text":"Musique Cordiale - Affiche - 2013 Festival","src":"https:\/\/i0.wp.com\/www.musique-cordiale.com\/wp-content\/uploads\/2013\/05\/MC2013_A4Poster2-Copy-2.jpg?fit=857%2C1200&ssl=1&resize=350%2C200","width":350,"height":200,"srcset":"https:\/\/i0.wp.com\/www.musique-cordiale.com\/wp-content\/uploads\/2013\/05\/MC2013_A4Poster2-Copy-2.jpg?fit=857%2C1200&ssl=1&resize=350%2C200 1x, https:\/\/i0.wp.com\/www.musique-cordiale.com\/wp-content\/uploads\/2013\/05\/MC2013_A4Poster2-Copy-2.jpg?fit=857%2C1200&ssl=1&resize=525%2C300 1.5x, https:\/\/i0.wp.com\/www.musique-cordiale.com\/wp-content\/uploads\/2013\/05\/MC2013_A4Poster2-Copy-2.jpg?fit=857%2C1200&ssl=1&resize=700%2C400 2x"},"classes":[]}],"jetpack_shortlink":"https:\/\/wp.me\/paEPkm-3Tc","_links":{"self":[{"href":"https:\/\/www.musique-cordiale.com\/fr\/wp-json\/wp\/v2\/posts\/14954","targetHints":{"allow":["GET"]}}],"collection":[{"href":"https:\/\/www.musique-cordiale.com\/fr\/wp-json\/wp\/v2\/posts"}],"about":[{"href":"https:\/\/www.musique-cordiale.com\/fr\/wp-json\/wp\/v2\/types\/post"}],"author":[{"embeddable":true,"href":"https:\/\/www.musique-cordiale.com\/fr\/wp-json\/wp\/v2\/users\/4"}],"replies":[{"embeddable":true,"href":"https:\/\/www.musique-cordiale.com\/fr\/wp-json\/wp\/v2\/comments?post=14954"}],"version-history":[{"count":0,"href":"https:\/\/www.musique-cordiale.com\/fr\/wp-json\/wp\/v2\/posts\/14954\/revisions"}],"wp:attachment":[{"href":"https:\/\/www.musique-cordiale.com\/fr\/wp-json\/wp\/v2\/media?parent=14954"}],"wp:term":[{"taxonomy":"category","embeddable":true,"href":"https:\/\/www.musique-cordiale.com\/fr\/wp-json\/wp\/v2\/categories?post=14954"},{"taxonomy":"post_tag","embeddable":true,"href":"https:\/\/www.musique-cordiale.com\/fr\/wp-json\/wp\/v2\/tags?post=14954"}],"curies":[{"name":"wp","href":"https:\/\/api.w.org\/{rel}","templated":true}]}}