{"id":14956,"date":"2012-07-29T19:23:32","date_gmt":"2012-07-29T19:23:32","guid":{"rendered":"http:\/\/dev3.musique-cordiale.com\/general\/2012-informations-biographiques\/"},"modified":"2012-07-29T19:23:32","modified_gmt":"2012-07-29T19:23:32","slug":"2012-informations-biographiques","status":"publish","type":"post","link":"https:\/\/www.musique-cordiale.com\/fr\/2012-informations-biographiques\/","title":{"rendered":"2012 Informations Biographiques"},"content":{"rendered":"<p><strong><em>Tom Seligman<\/em><\/strong> chef d\u2019orchestre. Dipl\u00f4m\u00e9 de l \u2018Universit\u00e9 de Cambridge, Tom a \u00e9tudi\u00e9 la direction d\u2019orchestre \u00e0 Glasgow, Londres et Amsterdam. Tom a r\u00e9guli\u00e8rement tenu la baguette pour le Royal Ballet \u00e0 Londres apr\u00e8s avoir fait ses d\u00e9buts \u00e0 la Royal Opera House, Covent Garden en 2010. Il a dirig\u00e9 pour la premi\u00e8re fois au Lincoln Center en dirigeant Jewels de Balanchine pour le New York City Ballet l\u2019automne dernier et y est retourn\u00e9 en d\u00e9cembre pour une s\u00e9rie de repr\u00e9sentations de Casse-Noisette. Il a entre autres dirig\u00e9 les op\u00e9ras suivants : The Rake\u2019s Progress et The Beggar\u2019s Opera pour Edinburgh Studio Opera et les Noces de Figaro pour Opera East. Il a beaucoup collabor\u00e9 avec la BBC et London Symphony Choruses, parmi d\u2019autres ch\u0153urs anglais ; il a \u00e9t\u00e9 chef de ch\u0153ur de l\u2019Orchestre du Festival de Lucerne et pour Claudio Abbado pour le Prom\u2019s de 2007. Il a \u00e9t\u00e9 Chef de ch\u0153ur invit\u00e9 du Hall\u00e9 orchestra pour l\u2019enregistrement live de The KIngdom d\u2019Elgar sous la baguette de Sir Mark Elder, qui lui valut le Grammophone Award 2011 du meilleur enregistrement choral. Tom a fait ses d\u00e9buts avec BBC Radio 3 en dirigeant le Hebrides Ensemble au Festival de St Magnus 2005 \u00e0 Orkney et il tient la barre \u00e0 Musique-Cordiale depuis 2008.<\/p>\n<p><strong><em>Lisa Gross<\/em><\/strong> est n\u00e9e \u00e0 Zurich. A l\u2019\u00e2ge de sept ans, elle a commenc\u00e9 \u00e0 jouer du saxophone et deux ans plus tard elle a d\u00e9couvert le hautbois. Entre 2006 et 2010 elle a gagn\u00e9 plusieurs prix dans le cadre des Swiss Youth Music Competition. En avril 2011, Lisa Gross a re\u00e7u la qualification nationale lors de la comp\u00e9tition internationale de musique du Lions Club. Elle tient le premier pupitre de hautbois du Zurich Youth Symphony Orchestra et joue dans plusieurs formations de chambre. Depuis 2010 elle \u00e9tudie avec Louise Pellerin \u00e0 la Zurich Hochschule der Kunst.<\/p>\n<p><strong><em>Lisa Obert<\/em><\/strong> est n\u00e9e \u00e0 Fribourg, Allemagne, elle a commenc\u00e9 \u00e0 jouer du violon \u00e0 l\u2019\u00e2ge de 5 ans. Lisa a obtenu une bourse pour pr\u00e9parer un Masters \u00e0 la Guildhall School of Music and Drama sous la direction de Jack Glickman o\u00f9 elle a termin\u00e9 avec un dipl\u00f4me avec f\u00e9licitations. Lisa a obtenu une place dans deux des plus prestigieux programmes de formation au Royaume Uni \u2013 le LSO String Scheme et LPO Foyle\u2019s Future First. Depuis, Lisa joue r\u00e9guli\u00e8rement avec le LSO et le LPO. Bien que Lisa ait acquis son exp\u00e9rience surtout sur un violon moderne, elle aime jouer sur un violon baroque. Depuis 2011, elle fait partie de l\u2019orchestre baroque renomm\u00e9 La Serenissima.<\/p>\n<p><strong><em><a href=\"http:\/\/www.micheltirabosco.ch\/\/\" target=\"_blank\">Michel Tirabosco<\/a><\/em><\/strong>, n\u00e9 \u00e0 Rome, commence la fl\u00fbte de pan \u00e0 l\u2019\u00e2ge de 7 ans. A 20 ans, fait exceptionnel, il est le premier \u00e0 obtenir avec sa fl\u00fbte de pan un certificat de fl\u00fbte traversi\u00e8re avec f\u00e9licitations du jury. Il poursuit ses \u00e9tudes au Conservatoire Sup\u00e9rieur de Gen\u00e8ve et obtient un dipl\u00f4me de Culture Musicale. A 18 ans, il enregistre son premier disque et commence une carri\u00e8re internationale de soliste. En 2010, il est l\u2019invit\u00e9 d\u2019honneur de la fondation Vladimir Spivakov pour des concerts au Th\u00e9\u00e2tre Mariinsky de Moscou et donne \u00e9galement d\u2019autres concerts en Russie. En 2011, il se produit dans de nombreuses villes d\u2019Europe, comme au th\u00e9\u00e2tre du Ch\u00e2telet \u00e0 Paris et au festival russe Steps Towards, avec le prestigieux Orchestre Philarmonique de St Petersbourg. En juin 2012, il a jou\u00e9 deux concerts avec ce m\u00eame Orchestre Philarmonique \u00e0 St Petersbourg, avec en cr\u00e9ation un sixi\u00e8me concerto compos\u00e9 sp\u00e9cialement pour sa fl\u00fbte de pan. En ao\u00fbt 2012, il interpr\u00e8tera un concerto de J.Haydn avec les solistes d\u2019Amsterdam en Libye et en f\u00e9vrier avec l\u2019Orchestre des Musiciens d\u2019Europe en Belgique. Michel Tirabosco a enregistr\u00e9 quinze CD en duo, quatuor ou avec orchestre. Pour lui, jouer est un v\u00e9ritable art de vivre, la musique une vraie qu\u00eate de soi-m\u00eame. Il est fascin\u00e9 par le son et toujours en recherche du meilleur \u00e9quilibre entre technique, musicalit\u00e9 et harmonie du corps.<\/p>\n<p><strong><em><a href=\"http:\/\/www.dimabawab.com\/\/\/\" target=\"_blank\">Dima Bawab<\/a><\/em><\/strong> a commenc\u00e9 sa formation au Conservatoire National de Musique de Ammam. Elle est entr\u00e9e au Conservatoire National Sup\u00e9rieur de Musique et de Danse de Paris et a fait ses d\u00e9buts \u00e0 l\u2019Op\u00e9ra Comique de Paris dans le r\u00f4le d\u2019Yniold du l\u2019op\u00e9ra de Debussy Pell\u00e9as et M\u00e9lisande sous la baguette de Sir John Eliot Gardiner. Actuellement, elle tient le r\u00f4le de Papagena et de Pamina dans une tourn\u00e9e mondiale de la Fl\u00fbte Enchant\u00e9e de Mozart dirig\u00e9e par Sir Peter Brook. Parmi ses prochains engagements figurent Le Feu, La Princesse et Le Rossignol dans l\u2019Enfant et les Sortil\u00e8ges de Ravel et L\u2019Amour dans le Pygmalion de Rameau, tous deux \u00e0 l\u2019Op\u00e9ra Comique de Paris sous la baguette de Sir John Eliot Gardiner. Dima est co-fondatrice de Aat, un r\u00e9seau de jeunes artistes qui souhaitent promouvoir la libert\u00e9 d\u2019expression par les arts.<\/p>\n<p><strong><em>Bianca Hottinger<\/em><\/strong> est n\u00e9e en Suisse, elle a pris sa premi\u00e8re le\u00e7on de fl\u00fbte \u00e0 l\u2019\u00e2ge de 10 ans. Depuis 2010, elle \u00e9tudie la fl\u00fbte avec Philippe Racine \u00e0 la Zurich Hochschule der Kunst. Elle a gagn\u00e9 des prix lors de comp\u00e9titions \u00e0 Zurich et elle joue actuellement dans plusieurs orchestres et formations de musique de chambre. Comme fl\u00fbtiste soliste, elle a pris part \u00e0 des tourn\u00e9es en Italie, en Argentine et en Afrique du Sud avec le Zurich Youth Symphony Orchestra.<\/p>\n<p><strong><em>Moritz Roelcke<\/em><\/strong> est n\u00e9 en 1991 en Suisse. Il prend ses premi\u00e8res le\u00e7ons de clarinette \u00e0 l\u2019\u00e2ge de 6 ans. Il a suivi les cours de la Zurich Hochschule der Kunst jusqu\u2019\u00e0 l\u2019\u00e2ge de 18 ans. En 2007, il devient premier clarinettiste du Zurich Youth Orchestra. Il a jou\u00e9 en Afrique du Sud, en Argentine, au Japon, au Canada et en Italie. Il a particip\u00e9 \u00e0 une tourn\u00e9e en Allemagne avec le Musikkollegium Winterthur. Moritz Roelcke est le laur\u00e9at du Prix Suisse et du B\u00e4renreiter Urtext-Preis. Par deux fois, il a gagn\u00e9 le prix de la Swiss Youth Competition. Depuis 2010, il poursuit sa formation \u00e0 la Zurich Hochschule der Kunst avec le professeur Fabio Di C\u00e0sola.<\/p>\n<p><strong><em>Eva Thorarinsdottir<\/em><\/strong> est n\u00e9e \u00e0 Reykjavik en 1986. Elle \u00e9tudi\u00e9 avec Marciej Rakowski \u00e0 la Yehudi Menuhin School of Music et au Royal Northern College of Music o\u00f9 elle a obtenu le premier prix lors de la RNCM Concerto Competition. Eva adore la musique de chambre et a gagn\u00e9 de nombreux premiers prix avec son trio de Piano. Eva a interpr\u00e9t\u00e9 le Concerto de violon de Mendelsohn avec la Manchester Camerata et peu apr\u00e8s elle a obtenu son International Diploma in Solo Performance au RNCM. Depuis elle donne de nombreux r\u00e9citals dans le Royaume Uni et a r\u00e9cemment pris part au Manchester International Festival 2011 avec Alina Ibragimova.<\/p>\n<p><strong><em>Chiara Enderle<\/em><\/strong>, n\u00e9e \u00e0 Zurich, s\u2019est d\u00e9couvert une passion pour le violoncelle tr\u00e8s jeune d\u00e9j\u00e0. Elle a de l\u2019exp\u00e9rience comme soliste et gagn\u00e9 de nombreux prix dont le premier prix lors de la comp\u00e9tition internationale de Bischofzell (2011) et quatre prix lors de Swiss Youth Competitions. Les Master classes auxquelles elle a particip\u00e9 dont l\u2019International Musicians Seminar \u00e0 Prussia Cove avec Steven Isserlis, les London Master classes avec Ralph Kirshbaum et avec Jens Peter Maintz lui ont apport\u00e9 un grand enrichissement. In 2011, elle a pris part au festival international de Musique de Chambre de Prussia Cove. Depuis 2007, Chiara \u00e9tudie avec Thomas Grossenbacher \u00e0 la ZHdK.<\/p>\n<p><strong><em><a href=\"http:\/\/www.louisegolbey.com\/\/\" target=\"_blank\">Louise Golbey<\/a><\/em><\/strong> is an inspiring, emerging singer, songwriter and musician. Having already played at Glastonbury and recorded at the famous Maida Vale studios. A frequent performer on the live soul\/jazz circuit she plays regularly at many legendary venues such as Ronnie Scotts and The Jazz Caf\u00e9. Louise has also developed a strong reputation within the UK soul scene performing extensively across London and beyond over the years. She has worked with Example and The Newham Generals and has supported and shared the stage with a number of acclaimed artists. She has also been asked to support Mitch Winehouse at Floridita on 10th January<br \/> 2012 in aid of The Amy Winehouse Foundation.\u2019 Louise has been working with a wealth of producers including 8Trak, Alex Morris &amp; Cato Hoeben, Nick Doe. It is not often that you get the chance to witness the emergence of a complete artist and that is exactly what the Soul scene has acquired in the form of Louise Golbey.<\/p>\n<p><strong><em><a href=\"http:\/\/www.claudemeier.ch\/musik\/\/\" target=\"_blank\">Claude Meier<\/a><\/em><\/strong> commence sa formation \u00e0 l\u2019\u00e9cole de Musique et de Th\u00e9\u00e2tre de Zurich, puis \u00e0 New-York aupr\u00e8s de ma\u00eetres c\u00e9l\u00e8bres comme Lincoln Goines, Hilliard Greene et John Hebert. Il tire son inspiration de diff\u00e9rents genres musicaux, y compris le jazz le hip hop et la musique sud am\u00e9ricaine. Claude joue la basse Elektro dans diff\u00e9rents groupes et dans des styles tr\u00e8s divers. Il a fait des tourn\u00e9es en Suisse, au Japon, en Cor\u00e9e du Sud, en Angleterre, en Allemagne et en Autriche. Il organise de concerts de jazz en Suisse et il anime des ateliers de jazz.<\/p>\n<p><strong><em><a href=\"http:\/\/www.samuelrohrer.com\/\" target=\"_blank\">Samuel Rohrer<\/a><\/em><\/strong> est n\u00e9 en Suisse dans une famille musicienne. D\u00e8s l\u2019\u00e2ge de 7 ans il se met au piano et passe \u00e0 la percussion \u00e0 14 ans, il prend alors des le\u00e7ons avec Gilbert Paeffgen. Il se met \u00e0 jouer dans des groupes Rock et Funk dans la r\u00e9gion. Puis, il suit des cours avec Billie Brooks \u00e0 la Swiss Jazz School \u00e0 Berne. En 2000, il part pour une ann\u00e9e<br \/> \u00e0 Boston et \u00e9tudie au Berklee College of Music avec Hal Crook et Ian Froman, Depuis, il est un batteur tr\u00e8s demand\u00e9 en Suisse et il part en tourn\u00e9e avec le Patrick Muller Trio, Escape, Nya, Wolfert Brederode, le Susanne Ambuehl Group, Malcom Braff, B\u00e4nz Oester et d\u2019autres. Depuis 2003, il habite Berlin et il s\u2019est fait un nom en Europe comme improvisateur.<\/p>\n<p><strong><em>Andrew Staples<\/em><\/strong> a \u00e9t\u00e9 membre de la Benjamin Britten International Opera School du Royal College of Music. Il a donn\u00e9 des concerts avec le l\u2019Orchestre de Chambre de Su\u00e8de sous la baguette de Andrew Manze, avec le Monteverdi Choir dirig\u00e9 par John Eliot Gardiner, avec le Scottish Chamber Orchestra, la Radio Su\u00e9doise, l\u2019Orchestre de Chambre Mahler et le London Symphony Orchestra sous la baguette de Daniel Harding, le G\u00e4vle Symphony et Robin Ticciati, la Deutsche Kammerphilharmonie dirig\u00e9e par Trevor Pinnock, le Scottish Chamber Orchestra et le Rotterdam Philharmonic dirig\u00e9 par Yannick Nezet Seguin, l\u2019Orchestra of the Age of Enlightenment, l\u2019Accademia Santa Cecilia et Semyon Bychkov, le Sinfonieorchester de la Radio Bavaroise et le Berlin Philharmonic Orchestra, tous sous la baguette de Sir Simon Rattle. Il a fait ses d\u00e9buts au Royal Opera House dans le r\u00f4le de Jacquino (Fidelio), y est revenu pour chanter le premier Homme en armure (Die Zauberfl\u00f6te), Artabenes (Arne\u2019s Artaxerxes) and Narraboth (Salome). Il a chant\u00e9 Belfiore (La Finta Giardiniera) au Th\u00e9\u00e2tre de la Monnaie de Bruxelles et au Th\u00e9\u00e2tre National de Prague. Parmi ses futurs engagements, citons: LSO, SCO, le Mahler Chamber Orchestra, la Radio su\u00e9doise, plus ses d\u00e9buts avec les Wiener Philharmoniker, \u00e0 la Staatsoper de Hambourg et le r\u00f4le de Tamino au RHO l\u2019\u00e9t\u00e9 prochain.<\/p>\n<p><strong><em><a href=\"http:\/\/www.ceciliamcdowall.co.uk\/\" target=\"_blank\">Cecilia McDowall<\/a><\/em><\/strong> est n\u00e9e \u00e0 Londres en 1951. Dans l\u2019International Record Review, on a dit d\u2019elle qu\u2019elle \u00ab est dou\u00e9e d\u2019un sens de la communication, rare dans la musique moderne \u00bb. Elle a gagn\u00e9 de nombreux prix et a \u00e9t\u00e9 plusieurs fois finaliste pour le British Composer Awards. Parmi les commandes qu\u2019elle a re\u00e7u r\u00e9cemment, on trouve la BBC, le Royal Scottish National Orchestra, London Mozart Players et une commande \u00e0 la fois du City of London Sinfonia et du Scott Polar Research Institute en hommage \u00e0 la vie du c\u00e9l\u00e8bre explorateur britannique de l\u2019Antarctique, Captain Robert Falcon Scott. Cecilia McDowell a r\u00e9cemment \u00e9t\u00e9 nomm\u00e9e Oxford University Composer par Oxford University Press. Elle travaille comme compositeur en r\u00e9sidence au Dulwich College de Londres.<\/p>\n<p><strong><em><a href=\"http:\/\/katehowden.com\/Kate_Howden__mezzo-soprano\/Welcome.html\" target=\"_blank\">Kate Howden<\/a><\/em><\/strong> est n\u00e9e \u00e0 Sydney (Australie); en 2011, elle a obtenu un First Class Bachelor of Music (Hons) au Trinity College of Music, Londres. Elle pr\u00e9pare actuellement un Master of Arts \u00e0 la Royal Academy of Music. Kate a tenu la partie solo des Nuits d\u2019\u00e9t\u00e9 de Berlioz, du Requiem de Mozart, de la Messe Nelson de Haydn, du Gloria de Poulenc et du Requiem de Durufl\u00e9. Elle a aussi chant\u00e9 le deuxi\u00e8me soprano solo de la Messe en ut mineur de Mozart avec le Trinity College of Music Symphony Orchestra sous la baguette de Sian Edwards. Elle a chant\u00e9 de nombreux r\u00f4les \u00e0 l\u2019op\u00e9ra. Elle a aussi gagn\u00e9 plusieurs prix dont le Roy Pleasance Singing Awardd (TCM), the Wilfred Greenhouse Allt Prize of Oratorio and cantata (TCM). Elle jou\u00e9 dans le cadre de masterclasses avec Ann Murray, Ian Partrige, Yvonne Minton et Richard Jackson.<\/p>\n<p>The <strong>Academy<\/strong> will again be directed by violinist <strong>Skye Carman<\/strong>. She has been concertmaster of the Holland Symfonia and violin professor at the ARTEZ Conservatorium in the Netherlands. Since 1992 she has given her Audition Training course in Europe and the U.S.A. She maintains a private class of violin and viola students and conducts the Galamian String Orchestra, which is a part of the Galamian Foundation, of which she is is founder and director. Skye will this year be working with <strong>Jane Hyland<\/strong>, an experienced cellist and teacher from London who will be her co-instructor &amp; mentor to the students throughout the week. Jane was Principal Cellist of the BBC National Orchestra of Wales, Solo-Cellist with the Orchestra of the Staatstheater, Kassel, Germany and has played with all the London orchestras. She now concentrates on teaching, recitals and chamber music and is also a keen sculptress.<\/p>\n","protected":false},"excerpt":{"rendered":"<p>Tom Seligman chef d\u2019orchestre. Dipl\u00f4m\u00e9 de l \u2018Universit\u00e9 de Cambridge, Tom a \u00e9tudi\u00e9 la direction d\u2019orchestre \u00e0 Glasgow, Londres et Amsterdam. Tom a r\u00e9guli\u00e8rement tenu la baguette pour le Royal Ballet \u00e0 Londres apr\u00e8s avoir fait ses d\u00e9buts \u00e0 la Royal Opera House, Covent Garden en 2010. Il a dirig\u00e9 pour la premi\u00e8re fois au [&hellip;]<\/p>\n","protected":false},"author":4,"featured_media":0,"comment_status":"closed","ping_status":"open","sticky":false,"template":"","format":"standard","meta":{"_acf_changed":false,"_monsterinsights_skip_tracking":false,"_monsterinsights_sitenote_active":false,"_monsterinsights_sitenote_note":"","_monsterinsights_sitenote_category":0,"_uf_show_specific_survey":0,"_uf_disable_surveys":false,"advanced_seo_description":"","jetpack_seo_html_title":"","jetpack_seo_noindex":false,"_jetpack_memberships_contains_paid_content":false,"footnotes":""},"categories":[],"tags":[],"class_list":["post-14956","post","type-post","status-publish","format-standard","hentry"],"acf":[],"jetpack_featured_media_url":"","jetpack_sharing_enabled":true,"jetpack-related-posts":[{"id":14948,"url":"https:\/\/www.musique-cordiale.com\/fr\/communique-de-presse-janvier-2-0-1-1\/","url_meta":{"origin":14956,"position":0},"title":"COMMUNIQUE DE PRESSE  JANVIER   2 0 1 1","author":"Webmaster","date":"30\/01\/2011","format":false,"excerpt":"UN FESTIVAL DE MUSIQUE EUROPEEN 3 \u2013 13 Ao\u00fbt 2011 Si en 2010 Musique Cordiale avait une coloration nettement europ\u00e9enne, la septi\u00e8me \u00e9dition, celle de 2011, offre un programme vari\u00e9 \u00e0 la tonalit\u00e9 plus fran\u00e7aise: est-ce l\u00e0 un\u00a0 hommage rendu par la horde anglo-saxonne qui chaque \u00e9t\u00e9 envahit le village\u2026","rel":"","context":"Article similaire","block_context":{"text":"Article similaire","link":""},"img":{"alt_text":"","src":"","width":0,"height":0},"classes":[]},{"id":15003,"url":"https:\/\/www.musique-cordiale.com\/fr\/concert-de-noel-2015\/","url_meta":{"origin":14956,"position":1},"title":"Concert de No\u00ebl 2015","author":"Hannah Stodart","date":"28\/09\/2015","format":false,"excerpt":"Le premier \u00e9v\u00e9nement des Amis aura lieu le jeudi 3 d\u00e9cembre \u00e0 l'Union Chapel, Islington, Londres. Le 3 d\u00e9cembre, Graham Ross dirigera son propre Ch\u0153ur du Clare College Cambridge avec l\u2019Orchestre de l\u2019\u00c2ge des Lumi\u00e8res et une affiche \u00e9blouissante de solistes dans le Messie de Haendel. Graham nous rejoindra \u00e0\u2026","rel":"","context":"Article similaire","block_context":{"text":"Article similaire","link":""},"img":{"alt_text":"Choir of Clare College Cambridge","src":"https:\/\/i0.wp.com\/www.musique-cordiale.com\/wp-content\/uploads\/2015\/09\/Choir-of-Clare-College-Cambridge1-240x300.jpg?resize=350%2C200","width":350,"height":200},"classes":[]},{"id":14958,"url":"https:\/\/www.musique-cordiale.com\/fr\/festival-2012\/","url_meta":{"origin":14956,"position":2},"title":"Festival 2012","author":"Jonathan Barker","date":"31\/07\/2012","format":false,"excerpt":"Musique Cordiale 2012 Mardi 7 ao\u00fbt, 19h Salle Polyvalente Soir\u00e9e musicale et gastronomique www.institut-gastronomie-riviera.com Entr\u00e9e 65\u20ac champagne, d\u00eener et vin compris \u00a0 Mercredi 8 ao\u00fbt, 12h Chapelle N-D de l\u2019Ormeau, Seillans CONCERT DE MIDI Ravel Le Tombeau de Couperin Debussy Quatuor \u00e0 Cordes Entr\u00e9e gratuite \u00a0 Mercredi 8 ao\u00fbt, 19h\u2026","rel":"","context":"Article similaire","block_context":{"text":"Article similaire","link":""},"img":{"alt_text":"MC poster 2012","src":"https:\/\/i0.wp.com\/www.musique-cordiale.com\/wp-content\/uploads\/2012\/06\/7407456568_11f7b29194_b.jpg?resize=350%2C200","width":350,"height":200},"classes":[]},{"id":14968,"url":"https:\/\/www.musique-cordiale.com\/fr\/programme-du-festival-2013\/","url_meta":{"origin":14956,"position":3},"title":"Programme du Festival 2013","author":"Pippa","date":"18\/01\/2013","format":false,"excerpt":"La 9e \u00e9dition du festival international Musique-Cordiale aura lieu du 6 au17 Ao\u00fbt 2013. L\u2019Acad\u00e9mie sera le point fort de la premi\u00e8re semaine, les r\u00e9p\u00e9titions du choeur commenceront le 4 Ao\u00fbt. Le festival propose 20 concerts, le concert d\u2019ouverture, sera gratuit, comme les 8 concerts de midi et le concert\u2026","rel":"","context":"Article similaire","block_context":{"text":"Article similaire","link":""},"img":{"alt_text":"affiche 2013","src":"https:\/\/i0.wp.com\/www.musique-cordiale.com\/wp-content\/uploads\/2013\/05\/MC2013_A4Poster2-Copy-2.jpg?resize=350%2C200&ssl=1","width":350,"height":200},"classes":[]},{"id":14972,"url":"https:\/\/www.musique-cordiale.com\/fr\/festival-2013-2\/","url_meta":{"origin":14956,"position":4},"title":"Festival 2013","author":"Webmaster","date":"24\/01\/2013","format":false,"excerpt":"Musique Cordiale 2013 La 9e \u00e9dition du festival international Musique-Cordiale aura lieu du 6 au17 Ao\u00fbt 2013. L\u2019Acad\u00e9mie sera le point fort de la premi\u00e8re semaine, les r\u00e9p\u00e9titions du choeur commenceront le 4 Ao\u00fbt. Le festival propose 20 concerts, le concert d\u2019ouverture, sera gratuit, comme les 8 concerts de midi\u2026","rel":"","context":"Article similaire","block_context":{"text":"Article similaire","link":""},"img":{"alt_text":"festival 2013","src":"https:\/\/i0.wp.com\/www.musique-cordiale.com\/wp-content\/uploads\/2013\/05\/MC2013_A4Poster2-Copy-2.jpg?resize=350%2C200","width":350,"height":200},"classes":[]},{"id":14980,"url":"https:\/\/www.musique-cordiale.com\/fr\/presse-11-juillet-2103\/","url_meta":{"origin":14956,"position":5},"title":"Presse, 11 juillet 2103","author":"Jonathan Barker","date":"11\/07\/2013","format":false,"excerpt":"PRESSE: 11 juillet 2013 \u00a0 \u00a0 \u00a0 \u00a0 \u00a0 \u00a09\u00e8me Festival International de Seillans MUSIQUE CORDIALE Du 6 au 17 ao\u00fbt 2013 Seillans - Mons - Correns - Claviers - St Rapha\u00ebl - Bargemon - Callian - Bagnols-en-For\u00eat www.musique-cordiale.com LA NUOVA MUSICA \u2022 DAVID BATES \u2022 GRAHAM ROSS \u2022 KLAZZ\u2026","rel":"","context":"Article similaire","block_context":{"text":"Article similaire","link":""},"img":{"alt_text":"Affiche - 2013 Festival: http:\/\/www.musique-cordiale.com\/programme\/","src":"https:\/\/i0.wp.com\/www.musique-cordiale.com\/wp-content\/uploads\/2013\/05\/MC2013_A4Poster2-Copy-2-214x300.jpg?resize=350%2C200","width":350,"height":200},"classes":[]}],"jetpack_shortlink":"https:\/\/wp.me\/paEPkm-3Te","_links":{"self":[{"href":"https:\/\/www.musique-cordiale.com\/fr\/wp-json\/wp\/v2\/posts\/14956","targetHints":{"allow":["GET"]}}],"collection":[{"href":"https:\/\/www.musique-cordiale.com\/fr\/wp-json\/wp\/v2\/posts"}],"about":[{"href":"https:\/\/www.musique-cordiale.com\/fr\/wp-json\/wp\/v2\/types\/post"}],"author":[{"embeddable":true,"href":"https:\/\/www.musique-cordiale.com\/fr\/wp-json\/wp\/v2\/users\/4"}],"replies":[{"embeddable":true,"href":"https:\/\/www.musique-cordiale.com\/fr\/wp-json\/wp\/v2\/comments?post=14956"}],"version-history":[{"count":0,"href":"https:\/\/www.musique-cordiale.com\/fr\/wp-json\/wp\/v2\/posts\/14956\/revisions"}],"wp:attachment":[{"href":"https:\/\/www.musique-cordiale.com\/fr\/wp-json\/wp\/v2\/media?parent=14956"}],"wp:term":[{"taxonomy":"category","embeddable":true,"href":"https:\/\/www.musique-cordiale.com\/fr\/wp-json\/wp\/v2\/categories?post=14956"},{"taxonomy":"post_tag","embeddable":true,"href":"https:\/\/www.musique-cordiale.com\/fr\/wp-json\/wp\/v2\/tags?post=14956"}],"curies":[{"name":"wp","href":"https:\/\/api.w.org\/{rel}","templated":true}]}}