{"id":14958,"date":"2012-07-31T11:27:31","date_gmt":"2012-07-31T11:27:31","guid":{"rendered":"http:\/\/dev3.musique-cordiale.com\/general\/festival-2012\/"},"modified":"2012-07-31T11:27:31","modified_gmt":"2012-07-31T11:27:31","slug":"festival-2012","status":"publish","type":"post","link":"https:\/\/www.musique-cordiale.com\/fr\/festival-2012\/","title":{"rendered":"Festival 2012"},"content":{"rendered":"<p><\/p>\n<h1><b>Musique Cordiale 2012<img data-recalc-dims=\"1\" loading=\"lazy\" decoding=\"async\" style=\"float: right;\" alt=\"MC poster 2012\" src=\"https:\/\/i0.wp.com\/www.musique-cordiale.com\/wp-content\/uploads\/2012\/06\/7407456568_11f7b29194_b.jpg?resize=300%2C430\" width=\"300\" height=\"430\" \/><\/b><\/h1>\n<p><b><br \/>Mardi 7 ao\u00fbt, 19h Salle Polyvalente<br \/> Soir\u00e9e musicale et gastronomique<br \/> <\/b>www.institut-gastronomie-riviera.com<br \/> Entr\u00e9e 65\u20ac champagne, d\u00eener et vin compris<br \/> \u00a0<br \/> <b>Mercredi 8 ao\u00fbt, 12h Chapelle N-D de l\u2019Ormeau, Seillans<br \/> <\/b><b>CONCERT DE MIDI<br \/> <\/b>Ravel Le Tombeau de Couperin<br \/> Debussy Quatuor \u00e0 Cordes<br \/> Entr\u00e9e gratuite<br \/> \u00a0<br \/> <b>Mercredi 8 ao\u00fbt, 19h Eglise de Bargemon<br \/> <\/b><b>STARS DE MUSIQUE CORDIALE<\/b><b><br \/> <\/b>Rameau Les Indes Galantes (suite)<br \/> Bach Concerto pour hautbois et violon<br \/> <b>Lisa Gross, hautbois ; Lisa Obert, violon<br \/> Pi\u00e8ces diverses Michel Tirabosco, fl\u00fbte de pan<br \/> <\/b>Bach Non sa che sia dolore BWV 209<br \/> <b>Bianca Hottinger, fl\u00fbte<br \/> <\/b>Mozart Adagio du Concert pour clarinette <b>Moritz Roelke, clarinette<br \/> <\/b>Saint-Saens Introduction et Rondo Capriccioso \u00a0\u00a0\u00a0<br \/> <b>Eva Thorarinsdottir, violon<br \/> Direction Tom Seligman<br \/> <\/b>Entr\u00e9e 15\u20ac<br \/> \u00a0<br \/> <b>Jeudi 9 ao\u00fbt, 19h Eglise de Mons<br \/> ENSEMBLE CORDIAL, Musique de Chambre<br \/> <\/b>Overture<br \/> Bach Non sa che sia dolore BWW 209<br \/> <b>Bianca Hottinger, fl\u00fbte<br \/> <\/b>Ravel Le Tombeau de Couperin<br \/> Debussy Quatuor \u00e0 Cordes<br \/> Entr\u00e9e 20\u20ac<br \/> \u00a0<br \/> <b>Vendredi 10 ao\u00fbt, 12h Chapelle N-D de l\u2019Ormeau, Seillans<br \/> <\/b><b>CONCERT DE MIDI<\/b><br \/> Entr\u00e9e gratuite<br \/> \u00a0<br \/> <b>Vendredi 10 ao\u00fbt, 19h Eglise de Seillans<br \/> <\/b><b>CONCERT ORCHESTRAL<\/b><b><br \/> <\/b>Rameau Les Indes galantes (suite)<br \/> Saint-Saens Concerto pour violoncelle No.1<br \/> <b>Chiara Enderle, violoncelle<br \/> <\/b>Bach Concerto pour hautbois et violon<br \/> <b>Lisa Gross, hautbois ; Lisa Obert, violon<br \/> <\/b>Elgar Introduction et Allegro pour cordes<br \/> <b>Chef d\u2019orchestre Tom Seligman<\/b><b><br \/> <\/b>Entr\u00e9e 20\u20ac<br \/> \u00a0<br \/> <b>Samedi 11 ao\u00fbt, 19h Salle Polyvalente de Seillans<br \/> <\/b>JAZZ<br \/> <b>Jean Marie Reboul piano<br \/> <\/b>www.vdegallo-music.com<br \/> <b>Claude Meier bass<br \/> <\/b>www.claudemeier.ch<br \/> <b>Samuel Rohrer drums<br \/> <\/b>www.samuelrohrer.com<b> <br \/> <\/b><b>Avec<br \/> Louise Golbey voice<br \/> <\/b>www.louisegolbey.com<span style=\"text-decoration: underline;\"><br \/> <\/span><b>Johnny Dutoit guitar<br \/> <\/b>Entr\u00e9e 20\u20ac<br \/> \u00a0<br \/> <b>Dimanche 12 ao\u00fbt, 19h Eglise de Seillans<br \/> CONCERT ORCHESTRAL- \u2018ILLUMINATIONS\u2019<br \/> <\/b>Saint-Saens Introduction et Rondo Capriccioso \u00a0\u00a0\u00a0<br \/> <b>(Eva Thorarinsdottir, violon)<br \/> <\/b>Britten Les Illuminations<br \/> (<b>Andrew Staples, t\u00e9nor<\/b>)<br \/> Mozart Deh vieni, non tardar<br \/> <b>(Dima Bawab, soprano<\/b>)<br \/> Mozart L\u00e0 ci darem la mano<br \/> <b>(Dima Bawab, soprano , George Humphreys, \u00a0baritone<\/b>)<br \/> Mozart Adagio du Concerto pour Clarinette<br \/> <b>(Moritz Roelke, clarinette)<br \/> <\/b>Mozart Symphonie Haffner No 35<br \/> <b>Chef d\u2019orchestre Tom Seligman<br \/> <\/b>Entr\u00e9e 20\u20ac<br \/> \u00a0<br \/> <b>Lundi 13 ao\u00fbt, 19h Seillans Salle Polyvalante<br \/> <\/b>Soiree r\u00e9cital<br \/> programme \u00e0 pr\u00e9ciser<br \/> \u00a0<br \/> <b>Mardi 14 ao\u00fbt, 19h Eglise de Seillans<br \/> CONSORT CORDIAL<br \/> <\/b>Bach Messe en Sol majeur <br \/> Cecilia McDowall oeuvre pour ensemble et violoncelle<br \/> Polyphonie de la Renaissance, madrigaux, part-songs &#038; close harmony<br \/> <b><i>Andrew Staples et ses amis<br \/> <\/i><\/b>Entr\u00e9e 20\u20ac<br \/> \u00a0<br \/> <b>Mercredi 15 ao\u00fbt, 12h Chapelle N-D de l\u2019Ormeau, Seillans<br \/> <\/b><b>CONCERT DE MIDI<\/b><\/p>\n<p>Choeur a Capella<br \/> Entr\u00e9e gratuite<br \/> \u00a0<br \/> <b>Mercredi 15 ao\u00fbt, 19h<\/b> <br \/> <b>Salle Polyvalente de Seillans<br \/> <i>Voyage musical, entre tango et musique tzigane<br \/> <\/i><\/b>Michel Tirabosco (fl\u00fbte de pan)<br \/> Jean-Marie Reboul (piano).<br \/> Avec Sophie Tirabosco (chant). <br \/> 20\u20ac<br \/> \u00a0<br \/> <b>Jeudi 16 ao\u00fbt, 19h Eglise de Callian<br \/> CONCERT CHORAL<br \/> <\/b>Barber Adagio<br \/> Morten Lauridsen Madrigali<br \/> Delibes Lakm\u00e9 duo<br \/> Mozart L\u00e0 ci darem la mano (Don Giovanni)<br \/> Bizet Duo des P\u00eacheurs de Perles<br \/> Mozart Messe en do mineur KV427<br \/> <b><i>Dima Bawab, Kate Howden soprano<br \/> Andrew Staples <\/i>t\u00e9nor<i>, George Humphreys bass<br \/> <\/i>Chef d\u2019orchestre Tom Seligman<br \/> <\/b>Entr\u00e9e 15\u20ac<\/p>\n<p> <b>Vendredi 17 ao\u00fbt, 12h Chapelle N-D de l\u2019Ormeau, Seillans<br \/> <\/b><b>CONCERT DE MIDI<\/b><br \/> Entr\u00e9e gratuite<\/p>\n<p> <b>Vendredi 17 ao\u00fbt, 19h Eglise de Bagnols<br \/> CONCERT CHORAL<br \/> <\/b>Barber Adagio<br \/> Morten Lauridsen Madrigali<br \/> Allegri Miserere<br \/> Delibes Lakm\u00e9 duo<br \/> Mozart L\u00e0 ci darem la mano (Don Giovanni)<br \/> Bizet Duo des P\u00eacheurs de Perles<br \/> Saint-Saens Concerto pour violoncelle No.1<br \/> <b>Chiara Enderle, violoncelle<br \/> <\/b>Poulenc Gloria<br \/> <b>Dima Bawab, Kate Howden soprano<br \/> Andrew Staples t\u00e9nor, George Humphreys bass<i><br \/> <\/i>Chef d\u2019orchestre Tom Seligman<br \/> <\/b>Entr\u00e9e 15\u20ac<br \/> \u00a0<\/p>\n<p> <b><\/b><\/p>\n<p><b>\u00a0<\/b><\/p>\n<p><b>\u00a0<\/b><\/p>\n<p><b>\u00a0<\/b><\/p>\n<p><b>\u00a0<\/b><\/p>\n<p><b>\u00a0<\/b><\/p>\n<p><b>Samedi 18 ao\u00fbt, 19h Eglise de Seillans<br \/> CONCERT CHORAL<br \/> <\/b>Allegri Miserere<br \/> Poulenc Gloria<br \/> Mozart \u00a0Messe en do mineur KV427<br \/> <b>Dima Bawab, Kate Howden soprano<br \/> Chef d\u2019orchestre Tom Seligman<br \/> <\/b>Entr\u00e9e 20\u20ac<\/p>\n","protected":false},"excerpt":{"rendered":"<p>Musique Cordiale 2012 Mardi 7 ao\u00fbt, 19h Salle Polyvalente Soir\u00e9e musicale et gastronomique www.institut-gastronomie-riviera.com Entr\u00e9e 65\u20ac champagne, d\u00eener et vin compris \u00a0 Mercredi 8 ao\u00fbt, 12h Chapelle N-D de l\u2019Ormeau, Seillans CONCERT DE MIDI Ravel Le Tombeau de Couperin Debussy Quatuor \u00e0 Cordes Entr\u00e9e gratuite \u00a0 Mercredi 8 ao\u00fbt, 19h Eglise de Bargemon STARS DE [&hellip;]<\/p>\n","protected":false},"author":3,"featured_media":0,"comment_status":"closed","ping_status":"closed","sticky":false,"template":"","format":"standard","meta":{"_acf_changed":false,"_monsterinsights_skip_tracking":false,"_monsterinsights_sitenote_active":false,"_monsterinsights_sitenote_note":"","_monsterinsights_sitenote_category":0,"_uf_show_specific_survey":0,"_uf_disable_surveys":false,"advanced_seo_description":"","jetpack_seo_html_title":"","jetpack_seo_noindex":false,"_jetpack_memberships_contains_paid_content":false,"footnotes":""},"categories":[],"tags":[],"class_list":["post-14958","post","type-post","status-publish","format-standard","hentry"],"acf":[],"jetpack_featured_media_url":"","jetpack_sharing_enabled":true,"jetpack-related-posts":[{"id":14962,"url":"https:\/\/www.musique-cordiale.com\/fr\/concerts-de-midi-2013\/","url_meta":{"origin":14958,"position":0},"title":"Concerts de Midi 2013","author":"Webmaster","date":"06\/01\/2013","format":false,"excerpt":"Nous allons continuer \u00e0 utiliser la Chapelle Notre-Dame de l\u2019Ormeau, l\u2019un des plus beaux monuments de Seillans, pour des concerts gratuits de midi. La Chapelle Notre-Dame de l\u2019Ormeau date du 12\u00e8me si\u00e8cle, elle se trouve \u00e0 l\u2019entr\u00e9e sud du village, en face de l\u2019ancienne gare de ligne qui serpentait autrefois\u2026","rel":"","context":"Article similaire","block_context":{"text":"Article similaire","link":""},"img":{"alt_text":"Snapshot 1 (13-09-2012 11-27) M-C Mons Caroline Inderbitzen","src":"https:\/\/i0.wp.com\/www.musique-cordiale.com\/wp-content\/uploads\/2013\/01\/Snapshot-1-13-09-2012-11-27-M-C-Mons-Caroline-Inderbitzen-300x169.jpg?resize=350%2C200","width":350,"height":200},"classes":[]},{"id":14972,"url":"https:\/\/www.musique-cordiale.com\/fr\/festival-2013-2\/","url_meta":{"origin":14958,"position":1},"title":"Festival 2013","author":"Webmaster","date":"24\/01\/2013","format":false,"excerpt":"Musique Cordiale 2013 La 9e \u00e9dition du festival international Musique-Cordiale aura lieu du 6 au17 Ao\u00fbt 2013. L\u2019Acad\u00e9mie sera le point fort de la premi\u00e8re semaine, les r\u00e9p\u00e9titions du choeur commenceront le 4 Ao\u00fbt. Le festival propose 20 concerts, le concert d\u2019ouverture, sera gratuit, comme les 8 concerts de midi\u2026","rel":"","context":"Article similaire","block_context":{"text":"Article similaire","link":""},"img":{"alt_text":"festival 2013","src":"https:\/\/i0.wp.com\/www.musique-cordiale.com\/wp-content\/uploads\/2013\/05\/MC2013_A4Poster2-Copy-2.jpg?resize=350%2C200","width":350,"height":200},"classes":[]},{"id":14968,"url":"https:\/\/www.musique-cordiale.com\/fr\/programme-du-festival-2013\/","url_meta":{"origin":14958,"position":2},"title":"Programme du Festival 2013","author":"Pippa","date":"18\/01\/2013","format":false,"excerpt":"La 9e \u00e9dition du festival international Musique-Cordiale aura lieu du 6 au17 Ao\u00fbt 2013. L\u2019Acad\u00e9mie sera le point fort de la premi\u00e8re semaine, les r\u00e9p\u00e9titions du choeur commenceront le 4 Ao\u00fbt. Le festival propose 20 concerts, le concert d\u2019ouverture, sera gratuit, comme les 8 concerts de midi et le concert\u2026","rel":"","context":"Article similaire","block_context":{"text":"Article similaire","link":""},"img":{"alt_text":"affiche 2013","src":"https:\/\/i0.wp.com\/www.musique-cordiale.com\/wp-content\/uploads\/2013\/05\/MC2013_A4Poster2-Copy-2.jpg?resize=350%2C200&ssl=1","width":350,"height":200},"classes":[]},{"id":14952,"url":"https:\/\/www.musique-cordiale.com\/fr\/festival-2011\/","url_meta":{"origin":14958,"position":3},"title":"Festival 2011","author":"Webmaster","date":"24\/03\/2011","format":false,"excerpt":"PROGRAMME MUSIQUE CORDIALE 2011 mer 3 ao\u00fbt 12.30 Chapelle Notre Dame de l\u2019Ormeau Musique \u00e0 midi Entr\u00e9e gratuite mer 3 ao\u00fbt 19h Seillans Place du Valat Theatre & Musique Strawinsky \u2022 L\u2019Histoire du Soldat Violon\u2022 Peter Liang Narrateur \u2022 Christopher Widauer Direction \u2022 Peter Davies -o- Entracte -o- Jazz Remi\u2026","rel":"","context":"Article similaire","block_context":{"text":"Article similaire","link":""},"img":{"alt_text":"MC 2011 poster","src":"https:\/\/i0.wp.com\/www.musique-cordiale.com\/wp-content\/uploads\/2011\/03\/2011-poster.jpg?resize=350%2C200","width":350,"height":200},"classes":[]},{"id":9942,"url":"https:\/\/www.musique-cordiale.com\/festival-2014\/","url_meta":{"origin":14958,"position":4},"title":"Festival 2014","author":"Hannah Stodart","date":"10\/09\/2015","format":false,"excerpt":"Dimanche 3 ao\u00fbt Seillans Salle Polyvalente, 19h00:\u00a0Ouverture du Festival \u2013 Concert Amuse Bouche,\u00a0 Chant, Ensemble et convivialit\u00e9, Dima Bawab (soprano) Adam Javorkai (violoncelle), Clara Biermasz (piano), Entr\u00e9e 25\u20ac incl. Collation+boisson \u00e0 l\u2019entracte Lundi 4 ao\u00fbt\u00a0Concert de Midi\u00a012h30: Chapelle Notre Dame de l\u2019Ormeau Seillans, Entr\u00e9e gratuite Lundi 4\u00a0ao\u00fbt Domaine Val D'Iris\u2026","rel":"","context":"Dans &quot;General&quot;","block_context":{"text":"General","link":"https:\/\/www.musique-cordiale.com\/category\/general\/"},"img":{"alt_text":"mc2014_Programme14A3-version 7 JULY_Page_1","src":"https:\/\/i0.wp.com\/www.musique-cordiale.com\/wp-content\/uploads\/2014\/07\/mc2014_Programme14A3-version-7-JULY_Page_1-212x300.jpeg?resize=350%2C200","width":350,"height":200},"classes":[]},{"id":215,"url":"https:\/\/www.musique-cordiale.com\/festival-2009\/","url_meta":{"origin":14958,"position":5},"title":"(en)","author":"Webmaster","date":"31\/03\/2009","format":false,"excerpt":"Jeudi 6 ao\u00fbt 2009 Eglise de Mons 19H (15 \u20ac & *12 \u20ac) \u00abarias baroques\u00bb Rameau, Lully, Haendel, Bach Direction: Graham Ross Vendredi 7 ao\u00fbt 2009 \u00c9glise de Seillans 19H (15 \u20ac & *12 \u20ac) Concert de l\u2019orchestre de chambre Haendel: Ouverture de Giustino Bach: Concerto pour 2 violons Donizetti:\u2026","rel":"","context":"Dans &quot;General&quot;","block_context":{"text":"General","link":"https:\/\/www.musique-cordiale.com\/category\/general\/"},"img":{"alt_text":"Musique Cordiale 2009","src":"https:\/\/i0.wp.com\/www.musique-cordiale.com\/new\/wp-content\/uploads\/2011\/03\/mc_poster_2009_200px1.png?resize=350%2C200","width":350,"height":200},"classes":[]}],"jetpack_shortlink":"https:\/\/wp.me\/paEPkm-3Tg","_links":{"self":[{"href":"https:\/\/www.musique-cordiale.com\/fr\/wp-json\/wp\/v2\/posts\/14958","targetHints":{"allow":["GET"]}}],"collection":[{"href":"https:\/\/www.musique-cordiale.com\/fr\/wp-json\/wp\/v2\/posts"}],"about":[{"href":"https:\/\/www.musique-cordiale.com\/fr\/wp-json\/wp\/v2\/types\/post"}],"author":[{"embeddable":true,"href":"https:\/\/www.musique-cordiale.com\/fr\/wp-json\/wp\/v2\/users\/3"}],"replies":[{"embeddable":true,"href":"https:\/\/www.musique-cordiale.com\/fr\/wp-json\/wp\/v2\/comments?post=14958"}],"version-history":[{"count":0,"href":"https:\/\/www.musique-cordiale.com\/fr\/wp-json\/wp\/v2\/posts\/14958\/revisions"}],"wp:attachment":[{"href":"https:\/\/www.musique-cordiale.com\/fr\/wp-json\/wp\/v2\/media?parent=14958"}],"wp:term":[{"taxonomy":"category","embeddable":true,"href":"https:\/\/www.musique-cordiale.com\/fr\/wp-json\/wp\/v2\/categories?post=14958"},{"taxonomy":"post_tag","embeddable":true,"href":"https:\/\/www.musique-cordiale.com\/fr\/wp-json\/wp\/v2\/tags?post=14958"}],"curies":[{"name":"wp","href":"https:\/\/api.w.org\/{rel}","templated":true}]}}