{"id":14960,"date":"2013-01-02T17:07:24","date_gmt":"2013-01-02T17:07:24","guid":{"rendered":"http:\/\/dev3.musique-cordiale.com\/press\/opera-ensembles\/"},"modified":"2013-01-02T17:07:24","modified_gmt":"2013-01-02T17:07:24","slug":"opera-ensembles","status":"publish","type":"post","link":"https:\/\/www.musique-cordiale.com\/fr\/opera-ensembles\/","title":{"rendered":"Opera &#038; Ensembles"},"content":{"rendered":"<p>Entre le 6 et le 17 Ao\u00fbt, 17 concerts de genres tr\u00e8s divers seront offerts au public dans le cadre du festival 2013. L\u2019Acad\u00e9mie pour jeunes et talentueux \u00e9tudiants en musique aura lieu pendant une semaine 3-10 Ao\u00fbt\u00a0et l&rsquo;orchestre &#038; <strong><a title=\"La Nuova Musica\" href=\"http:\/\/lanuovamusica.co.uk\/\" target=\"_blank\">La Nuova Musica<\/a><\/strong>, notre <em>ensemble en r\u00e9sidence<\/em> pour l&rsquo;ann\u00e9e 2013, offrira des performances ardents et vivante de la musique de la Renaissance et du Baroque. Chaque apporter de nouvelles dimensions \u00e0 la premi\u00e8re semaine du festival. Classic meets Jazz est au centre d&rsquo;un concert de jazz passionnante du <strong><a title=\"Klazz Borthers\" href=\"http:\/\/www.sonyclassical.de\/klazzbrothers\/e_biografie.html\" target=\"_blank\">Klazz Brothers<\/a><\/strong> et aussi avec <strong><a title=\"Michel Tirabosco\" href=\"http:\/\/www.micheltirabosco.ch\/\" target=\"_blank\">Michel Tirabosco<\/a><\/strong>, dont l&rsquo;extraordinaire talent de fl\u00fbte de Pan font de lui un favori de retour avec le public Seillans. Passionnantes repr\u00e9sentations orchestrales tout au long de la quinzaine verront leur aboutissement dans les derniers concerts choraux qui proposent de la musique retentissante sous la direction de Graham Ross.<\/p>\n<p>Malheureusement, l\u2019offre musicale de cette ann\u00e9e, riche et excitante, ne comprend pas d\u2019op\u00e9ra mis en sc\u00e8ne en plein air \u00e0 la Place du Valat \u00e0 Seillans comme de 2009 \u00e0 2011.\u00a0Nous serions heureux de recevoir des propositions de petites compagnies d\u2019op\u00e9ra ou d\u2019administrateurs qui aimeraient mettre sur pied des op\u00e9ras adapt\u00e9s, lors des festivals des\u00a0 prochaines ann\u00e9es. Nous sommes ouverts aux id\u00e9es novatrices \u00a0qui s\u2019inscriraient dans la lign\u00e9e \u00a0\u00e9tablie par Andy Staples et Vignette Productions et permettent \u00e0 Musique Cordiale de maintenir la tradition d\u2019un op\u00e9ra.<\/p>\n<p>\u00a0<\/p>\n<table cellspacing=\"0\" cellpadding=\"0\">\n<tbody>\n<tr>\n<td valign=\"bottom\" width=\"1016\" height=\"75\">\n<table cellspacing=\"0\" cellpadding=\"0\">\n<tbody>\n<tr>\n<td valign=\"bottom\" width=\"1016\" height=\"75\">\n<p style=\"text-align: center;\"><b>Musique Cordiale Festival International &#038; Acad\u00e9mie<\/b><br \/>Office de Tourisme de Seillans, Place de Thouron, 83440 Seillans, France\u00a0\u00a0\u00a0\u00a0 +33 (0) 494 76 85 91<\/p>\n<p style=\"text-align: center;\"><strong>9<sup>me<\/sup>\u00a0festival annuel\u00a0: 6 \u2013 17 ao\u00fbt 2013 (<b>Acad\u00e9mie<\/b>\u00a03-10\u00a0<strong>ao\u00fbt)<\/strong><br \/>Seillans, Mons, Bargemon, Callian, Claviers, Bagnols-en-For\u00eat, Correns<\/strong><\/p>\n<p style=\"text-align: center;\">Association Musique Cordiale, France\u00a0\u00a0\u00a0\u00a0\u00a0\u00a0\u00a0\u00a0\u00a0\u00a0\u00a0\u00a0\u00a0\u00a0 The Musique-Cordiale Trust, England<\/p>\n<\/td>\n<\/tr>\n<\/tbody>\n<\/table>\n<p><a href=\"http:\/\/www.musique-cordiale.com\/programme\/scenes-from-musique-cordiale-2011\/attachment\/m-c-verde-2013-poster\/\" rel=\"attachment wp-att-1326\"><img data-recalc-dims=\"1\" loading=\"lazy\" decoding=\"async\" class=\"aligncenter\" alt=\"2013 Festival\" src=\"https:\/\/i0.wp.com\/www.musique-cordiale.com\/wp-content\/uploads\/2013\/01\/M-C-Verde-2013-POSTER-300x212.jpg?resize=300%2C212\" width=\"300\" height=\"212\" \/><\/a><\/p>\n<\/td>\n<\/tr>\n<\/tbody>\n<\/table>\n<p>\u00a0<\/p>\n","protected":false},"excerpt":{"rendered":"<p>Entre le 6 et le 17 Ao\u00fbt, 17 concerts de genres tr\u00e8s divers seront offerts au public dans le cadre du festival 2013. L\u2019Acad\u00e9mie pour jeunes et talentueux \u00e9tudiants en musique aura lieu pendant une semaine 3-10 Ao\u00fbt\u00a0et l&rsquo;orchestre &#038; La Nuova Musica, notre ensemble en r\u00e9sidence pour l&rsquo;ann\u00e9e 2013, offrira des performances ardents et [&hellip;]<\/p>\n","protected":false},"author":4,"featured_media":0,"comment_status":"open","ping_status":"open","sticky":false,"template":"","format":"standard","meta":{"_acf_changed":false,"_monsterinsights_skip_tracking":false,"_monsterinsights_sitenote_active":false,"_monsterinsights_sitenote_note":"","_monsterinsights_sitenote_category":0,"_uf_show_specific_survey":0,"_uf_disable_surveys":false,"advanced_seo_description":"","jetpack_seo_html_title":"","jetpack_seo_noindex":false,"_jetpack_memberships_contains_paid_content":false,"footnotes":""},"categories":[],"tags":[],"class_list":["post-14960","post","type-post","status-publish","format-standard","hentry"],"acf":[],"jetpack_featured_media_url":"","jetpack_sharing_enabled":true,"jetpack-related-posts":[{"id":14980,"url":"https:\/\/www.musique-cordiale.com\/fr\/presse-11-juillet-2103\/","url_meta":{"origin":14960,"position":0},"title":"Presse, 11 juillet 2103","author":"Jonathan Barker","date":"11\/07\/2013","format":false,"excerpt":"PRESSE: 11 juillet 2013 \u00a0 \u00a0 \u00a0 \u00a0 \u00a0 \u00a09\u00e8me Festival International de Seillans MUSIQUE CORDIALE Du 6 au 17 ao\u00fbt 2013 Seillans - Mons - Correns - Claviers - St Rapha\u00ebl - Bargemon - Callian - Bagnols-en-For\u00eat www.musique-cordiale.com LA NUOVA MUSICA \u2022 DAVID BATES \u2022 GRAHAM ROSS \u2022 KLAZZ\u2026","rel":"","context":"Article similaire","block_context":{"text":"Article similaire","link":""},"img":{"alt_text":"Affiche - 2013 Festival: http:\/\/www.musique-cordiale.com\/programme\/","src":"https:\/\/i0.wp.com\/www.musique-cordiale.com\/wp-content\/uploads\/2013\/05\/MC2013_A4Poster2-Copy-2-214x300.jpg?resize=350%2C200","width":350,"height":200},"classes":[]},{"id":2601,"url":"https:\/\/www.musique-cordiale.com\/press-release-11-july-2013-francais\/","url_meta":{"origin":14960,"position":1},"title":"Press release 11 July 2013 (francais)","author":"Jonathan Barker","date":"11\/07\/2013","format":false,"excerpt":"PRESS: 11 juillet 2013: \u00a0 \u00a0 \u00a0 \u00a0 \u00a0 \u00a0 \u00a0 \u00a09\u00e8me Festival International de Seillans MUSIQUE CORDIALE Du 6 au 17 ao\u00fbt 2013 Seillans - Mons - Correns - Claviers - St Rapha\u00ebl - Bargemon - Callian - Bagnols-en-For\u00eat www.musique-cordiale.com LA NUOVA MUSICA \u2022 DAVID BATES \u2022 GRAHAM ROSS\u2026","rel":"","context":"Dans &quot;Press&quot;","block_context":{"text":"Press","link":"https:\/\/www.musique-cordiale.com\/category\/press\/"},"img":{"alt_text":"Musique Cordiale - Affiche - 2013 Festival","src":"https:\/\/i0.wp.com\/www.musique-cordiale.com\/wp-content\/uploads\/2013\/05\/MC2013_A4Poster2-Copy-2.jpg?fit=857%2C1200&ssl=1&resize=350%2C200","width":350,"height":200,"srcset":"https:\/\/i0.wp.com\/www.musique-cordiale.com\/wp-content\/uploads\/2013\/05\/MC2013_A4Poster2-Copy-2.jpg?fit=857%2C1200&ssl=1&resize=350%2C200 1x, https:\/\/i0.wp.com\/www.musique-cordiale.com\/wp-content\/uploads\/2013\/05\/MC2013_A4Poster2-Copy-2.jpg?fit=857%2C1200&ssl=1&resize=525%2C300 1.5x, https:\/\/i0.wp.com\/www.musique-cordiale.com\/wp-content\/uploads\/2013\/05\/MC2013_A4Poster2-Copy-2.jpg?fit=857%2C1200&ssl=1&resize=700%2C400 2x"},"classes":[]},{"id":14966,"url":"https:\/\/www.musique-cordiale.com\/fr\/2013-est-la-9e-edition-de-musique-cordiale\/","url_meta":{"origin":14960,"position":2},"title":"2013 est&#8230; la 9\u00e8 \u00e9dition de Musique Cordiale !","author":"Pippa","date":"16\/01\/2013","format":false,"excerpt":"La 9e \u00e9dition Musique-Cordiale est un festival international qui se tiendra 6-17 Ao\u00fbt 2013 avec l'Acad\u00e9mie montage de la semaine pr\u00e9c\u00e9dente et les r\u00e9p\u00e9titions commencent le 4 Ao\u00fbt. Le festival propose 17 concerts, dont 6, y compris les \"amuse-bouche\" concert d'ouverture, sera libre. Les sites sont les villes de colline\u2026","rel":"","context":"Article similaire","block_context":{"text":"Article similaire","link":""},"img":{"alt_text":"IMG_70222012 M-C Seillans final concert from outside","src":"https:\/\/i0.wp.com\/www.musique-cordiale.com\/wp-content\/uploads\/2013\/01\/IMG_70222012-M-C-Seillans-final-concert-from-outside-300x242.jpg?resize=350%2C200","width":350,"height":200},"classes":[]},{"id":14968,"url":"https:\/\/www.musique-cordiale.com\/fr\/programme-du-festival-2013\/","url_meta":{"origin":14960,"position":3},"title":"Programme du Festival 2013","author":"Pippa","date":"18\/01\/2013","format":false,"excerpt":"La 9e \u00e9dition du festival international Musique-Cordiale aura lieu du 6 au17 Ao\u00fbt 2013. L\u2019Acad\u00e9mie sera le point fort de la premi\u00e8re semaine, les r\u00e9p\u00e9titions du choeur commenceront le 4 Ao\u00fbt. Le festival propose 20 concerts, le concert d\u2019ouverture, sera gratuit, comme les 8 concerts de midi et le concert\u2026","rel":"","context":"Article similaire","block_context":{"text":"Article similaire","link":""},"img":{"alt_text":"affiche 2013","src":"https:\/\/i0.wp.com\/www.musique-cordiale.com\/wp-content\/uploads\/2013\/05\/MC2013_A4Poster2-Copy-2.jpg?resize=350%2C200&ssl=1","width":350,"height":200},"classes":[]},{"id":14972,"url":"https:\/\/www.musique-cordiale.com\/fr\/festival-2013-2\/","url_meta":{"origin":14960,"position":4},"title":"Festival 2013","author":"Webmaster","date":"24\/01\/2013","format":false,"excerpt":"Musique Cordiale 2013 La 9e \u00e9dition du festival international Musique-Cordiale aura lieu du 6 au17 Ao\u00fbt 2013. L\u2019Acad\u00e9mie sera le point fort de la premi\u00e8re semaine, les r\u00e9p\u00e9titions du choeur commenceront le 4 Ao\u00fbt. Le festival propose 20 concerts, le concert d\u2019ouverture, sera gratuit, comme les 8 concerts de midi\u2026","rel":"","context":"Article similaire","block_context":{"text":"Article similaire","link":""},"img":{"alt_text":"festival 2013","src":"https:\/\/i0.wp.com\/www.musique-cordiale.com\/wp-content\/uploads\/2013\/05\/MC2013_A4Poster2-Copy-2.jpg?resize=350%2C200","width":350,"height":200},"classes":[]},{"id":15003,"url":"https:\/\/www.musique-cordiale.com\/fr\/concert-de-noel-2015\/","url_meta":{"origin":14960,"position":5},"title":"Concert de No\u00ebl 2015","author":"Hannah Stodart","date":"28\/09\/2015","format":false,"excerpt":"Le premier \u00e9v\u00e9nement des Amis aura lieu le jeudi 3 d\u00e9cembre \u00e0 l'Union Chapel, Islington, Londres. Le 3 d\u00e9cembre, Graham Ross dirigera son propre Ch\u0153ur du Clare College Cambridge avec l\u2019Orchestre de l\u2019\u00c2ge des Lumi\u00e8res et une affiche \u00e9blouissante de solistes dans le Messie de Haendel. Graham nous rejoindra \u00e0\u2026","rel":"","context":"Article similaire","block_context":{"text":"Article similaire","link":""},"img":{"alt_text":"Choir of Clare College Cambridge","src":"https:\/\/i0.wp.com\/www.musique-cordiale.com\/wp-content\/uploads\/2015\/09\/Choir-of-Clare-College-Cambridge1-240x300.jpg?resize=350%2C200","width":350,"height":200},"classes":[]}],"jetpack_shortlink":"https:\/\/wp.me\/paEPkm-3Ti","_links":{"self":[{"href":"https:\/\/www.musique-cordiale.com\/fr\/wp-json\/wp\/v2\/posts\/14960","targetHints":{"allow":["GET"]}}],"collection":[{"href":"https:\/\/www.musique-cordiale.com\/fr\/wp-json\/wp\/v2\/posts"}],"about":[{"href":"https:\/\/www.musique-cordiale.com\/fr\/wp-json\/wp\/v2\/types\/post"}],"author":[{"embeddable":true,"href":"https:\/\/www.musique-cordiale.com\/fr\/wp-json\/wp\/v2\/users\/4"}],"replies":[{"embeddable":true,"href":"https:\/\/www.musique-cordiale.com\/fr\/wp-json\/wp\/v2\/comments?post=14960"}],"version-history":[{"count":0,"href":"https:\/\/www.musique-cordiale.com\/fr\/wp-json\/wp\/v2\/posts\/14960\/revisions"}],"wp:attachment":[{"href":"https:\/\/www.musique-cordiale.com\/fr\/wp-json\/wp\/v2\/media?parent=14960"}],"wp:term":[{"taxonomy":"category","embeddable":true,"href":"https:\/\/www.musique-cordiale.com\/fr\/wp-json\/wp\/v2\/categories?post=14960"},{"taxonomy":"post_tag","embeddable":true,"href":"https:\/\/www.musique-cordiale.com\/fr\/wp-json\/wp\/v2\/tags?post=14960"}],"curies":[{"name":"wp","href":"https:\/\/api.w.org\/{rel}","templated":true}]}}