{"id":14964,"date":"2013-01-16T11:11:04","date_gmt":"2013-01-16T11:11:04","guid":{"rendered":"http:\/\/dev3.musique-cordiale.com\/general\/academie-2013\/"},"modified":"2013-01-16T11:11:04","modified_gmt":"2013-01-16T11:11:04","slug":"academie-2013","status":"publish","type":"post","link":"https:\/\/www.musique-cordiale.com\/fr\/academie-2013\/","title":{"rendered":"Acad\u00e9mie 2013"},"content":{"rendered":"<p><a title=\"admission\" href=\"http:\/\/www.musique-cordiale.com\/wp-content\/uploads\/2013\/02\/MC-Academy-admission-form-2013.pdf\" target=\"_blank\">t\u00e9l\u00e9charger\u00a0formulaire d&rsquo;admission<img data-recalc-dims=\"1\" loading=\"lazy\" decoding=\"async\" class=\"alignright\" title=\"PDF\" alt=\"PDF\" src=\"https:\/\/i0.wp.com\/www.musique-cordiale.com\/wp-content\/uploads\/2013\/01\/pdf-logo.jpg?resize=40%2C40\" width=\"40\" height=\"40\" \/><\/a>\u00a0<br \/>(translations into French, German and Dutch: please contact us:\u00a0traductions en n\u00e9erlandais, en allemand et en fran\u00e7ais disponible: s&rsquo;il vous pla\u00eet contactez-nous.vertaling naar het Nederlands, Duits &amp; Frans beschikbaar; gelieve ons te contacteren)<\/p>\n<h2><span style=\"font-size: medium;\"><strong style=\"font-size: 1.5em;\">Acad\u00e9mie Musique Cordiale 2013<\/strong><\/span><\/h2>\n<h2><strong>3 &#8211; 10 Ao\u00fbt 2013<br \/><\/strong><\/h2>\n<h2><strong><img data-recalc-dims=\"1\" loading=\"lazy\" decoding=\"async\" class=\"alignright\" alt=\"academie\" src=\"https:\/\/i0.wp.com\/www.musique-cordiale.com\/wp-content\/uploads\/2013\/01\/IMG_2249-M-C-2010-Academy-orchestra-a.jpg?resize=208%2C207\" width=\"208\" height=\"207\" \/><\/strong><\/h2>\n<p>Fid\u00e8les \u00e0 la tradition qu\u2019une Acad\u00e9mie fasse partie int\u00e9grante du Festival Musique Cordiale, nous vous offrons, cette ann\u00e9e, un programme enrichi pour des jeunes instrumentistes d\u2019orchestre dou\u00e9s, \u00e2g\u00e9s de 13 et 17 ans. Les \u00e9tudiants recevront un enseignement individuel et un entrainement personnalis\u00e9 en musique de chambre. Quel que soit leur instrument, ils joueront tous lors d\u2019un concert de musique de chambre et les cordes seront int\u00e9gr\u00e9s \u00e0 l\u2019orchestre de Musique Cordiale, chacun au c\u00f4t\u00e9 d\u2019un musicien professionnel. Ce sera aussi l\u2019occasion pour les participants \u00e0 l\u2019Acad\u00e9mie de collaborer avec d\u2019autres jeunes musiciens pr\u00e9sents \u00e0 Musique Cordiale qui \u00e9tudient la musique dans diverses universit\u00e9s, conservatoires ou \u00e9coles de musique d\u2019Europe. <em>(Langue de travail principale est l&rsquo;anglais: fran\u00e7ais, n\u00e9erlandais et allemand a \u00e9galement parl\u00e9.\u00a0Voertaal is Engels\u00a0is Engels: Frans, Nederlands en Duits ook gesproken).<\/em><\/p>\n<p><strong>Conditions d\u2019acceptation\u00a0:<\/strong><\/p>\n<ul>\n<li>un formulaire de demande d\u00fbment rempli,<b><\/b><\/li>\n<li>une audition de 10 minutes sous forme d\u2019un DVD ou d\u2019une vid\u00e9o Youtube avec 2 solos contrast\u00e9s (ou fragments de solo) avec accompagnement, <b><\/b><\/li>\n<li>Date limite pour les candidatures\u00a0est g\u00e9n\u00e9ralement de 30 Juin bien que les demandes plus tard peuvent \u00eatre envisag\u00e9es; mais s&rsquo;il vous pla\u00eet contactez-nous MAINTENANT si vous envisagez de demander cette ann\u00e9e &#8211; et ensuite appliquer le plus t\u00f4t possible.<\/li>\n<li>Les frais pour la semaine, y compris les repas et l&rsquo;h\u00e9bergement ainsi que la participation \u00e0 tous les \u00e9v\u00e9nements seront de 500 \u20ac (possibilit\u00e9 de bourses limit\u00e9es). Les participants sont responsables de leur propre voyage \u00e0 Seillans, pour toutes les assurances et le plus souvent de fournir leur instrument. En outre, vous devez payer la cotisation annuelle de 20 \u20ac. Un d\u00e9p\u00f4t de 50 \u20ac, ce qui comprend les frais d&rsquo;adh\u00e9sion non remboursable, est payable sur r\u00e9ception. Pour les conditions compl\u00e8tes, SVP consultez le formulaire de demande.<\/li>\n<\/ul>\n<p><img data-recalc-dims=\"1\" loading=\"lazy\" decoding=\"async\" class=\"alignleft\" alt=\"MC Academy 2012\" src=\"https:\/\/i0.wp.com\/www.musique-cordiale.com\/wp-content\/uploads\/2013\/02\/MC-Academy-pic-for-site.jpg?resize=133%2C101\" width=\"133\" height=\"101\" \/>L\u2019Acad\u00e9mie sera de nouveau <strong>dirig\u00e9e<\/strong> par la violoniste <strong>Skye Carman<\/strong>. \u00a0Elle \u00e9tait <b>\u00a0<\/b>concertmaster du Holland Symfonia et professeur de violon au ARTEZ Conservatorium aux Pays-Bas. Depuis 1992 elle donne son cours Audition Training\u00a0en Europe et aux U.S.A. Elle garde une classe priv\u00e9e de violon et d\u2019alto et dirige le Galamian String Orchestra qui fait partie de la Galamian Foundation dont elle est la fondatrice et la directrice. Cette ann\u00e9e, Skye travaillera avec <strong>Jane Hyland<\/strong>, une violoncelliste exp\u00e9riment\u00e9e qui enseigne \u00e0 Londres et sera son bras droit aupr\u00e8s des \u00e9tudiants durant toute la semaine. Jane a \u00e9t\u00e9 Premier Violoncelle du BBC National Orchestra du Pays de Galles, Violoncelliste Solo de l\u2019Orchestre du Staatstheater de Kassel en Allemagne et elle a jou\u00e9 avec tous les\u00a0 orchestres de Londres. Elle centre maintenant son activit\u00e9 sur l\u2019enseignement, les r\u00e9citals, la musique de chambre. Elle est aussi un sculpteur de talent.\u00a0<em>Bien envisag\u00e9e que pour les instrumentistes \u00e0 cordes, de tutorat dans d&rsquo;autres instruments peuvent \u00e9galement \u00eatre possible (par exemple piano, clarinette, trompette) cette ann\u00e9e.<\/em><\/p>\n<p>Le dernier \u00ab\u00a0Academy Concert\u00a0\u00bb cette ann\u00e9e aura lieu \u00e0 <strong>Seillans le Vendredi 9 Ao\u00fbt 2013<\/strong> et sera men\u00e9e par Graham Ross. Le concert est parrain\u00e9 par l&rsquo;<strong>Institut voor Muziek Galamian<\/strong>, Haarlem, Nederland, et sera effectu\u00e9e dans la m\u00e9moire de la violoniste Carmel Kaine, une \u00e9tudiante d&rsquo;<a title=\"Ivan Galamian\" href=\"http:\/\/en.wikipedia.org\/wiki\/Ivan_Galamian\">Ivan Galamian<\/a> \u00e0 la Juilliard School \u00e0 New York et une ami pr\u00e9cieuse et une professeur de plusieurs musiciens associ\u00e9s au festival. Elle est morte subitement en Avril de cette ann\u00e9e bient\u00f4t apr\u00e8s avoir promis d&rsquo;aider \u00e0 trouver une s\u00e9lection des \u00e9tudiants talentueux\u00a0 de participer \u00e0 l&rsquo;Acad\u00e9mie cet \u00e9t\u00e9.<\/p>\n<p style=\"text-align: center;\"><img data-recalc-dims=\"1\" loading=\"lazy\" decoding=\"async\" alt=\"Academy 1\" src=\"https:\/\/i0.wp.com\/www.musique-cordiale.com\/wp-content\/uploads\/2013\/03\/MC-Academy-home-1.jpg?resize=115%2C90\" width=\"115\" height=\"90\" \/><img data-recalc-dims=\"1\" loading=\"lazy\" decoding=\"async\" alt=\"Academy 2\" src=\"https:\/\/i0.wp.com\/www.musique-cordiale.com\/wp-content\/uploads\/2013\/03\/MC-Academy-home-2.jpg?resize=120%2C90\" width=\"120\" height=\"90\" \/><img data-recalc-dims=\"1\" loading=\"lazy\" decoding=\"async\" alt=\"Academy 3\" src=\"https:\/\/i0.wp.com\/www.musique-cordiale.com\/wp-content\/uploads\/2013\/03\/MC-Academy-home-3.jpg?resize=120%2C90\" width=\"120\" height=\"90\" \/><img data-recalc-dims=\"1\" loading=\"lazy\" decoding=\"async\" alt=\"Academy 4\" src=\"https:\/\/i0.wp.com\/www.musique-cordiale.com\/wp-content\/uploads\/2013\/03\/MC-Academy-home-4.jpg?resize=129%2C90\" width=\"129\" height=\"90\" \/><img data-recalc-dims=\"1\" loading=\"lazy\" decoding=\"async\" alt=\"Academy 5\" src=\"https:\/\/i0.wp.com\/www.musique-cordiale.com\/wp-content\/uploads\/2013\/03\/MC-Academy-home-5.jpg?resize=90%2C90\" width=\"90\" height=\"90\" \/><br \/><span style=\"font-size: x-small;\">logement \u00e0 la disposition de l&rsquo;acad\u00e9mie<\/span><\/p>\n<p><a title=\"admission\" href=\"http:\/\/www.musique-cordiale.com\/wp-content\/uploads\/2013\/02\/MC-Academy-admission-form-2013.pdf\" target=\"_blank\">t\u00e9l\u00e9charger\u00a0formulaire d&rsquo;admission<\/a><\/p>\n<p><a href=\"http:\/\/www.musique-cordiale.com\/wp-content\/uploads\/2013\/02\/MC-Academy-admission-form-2013.pdf\"><img data-recalc-dims=\"1\" loading=\"lazy\" decoding=\"async\" class=\"alignright\" title=\"PDF\" alt=\"PDF\" src=\"https:\/\/i0.wp.com\/www.musique-cordiale.com\/wp-content\/uploads\/2013\/01\/pdf-logo.jpg?resize=40%2C40\" width=\"40\" height=\"40\" \/><\/a><\/p>\n<p><a title=\"admission\" href=\"http:\/\/www.musique-cordiale.com\/wp-content\/uploads\/2013\/02\/MC-Academy-admission-form-2013.pdf\" target=\"_blank\">\u00a0<\/a>(translations into French, German and Dutch: please contact us:\u00a0traductions en n\u00e9erlandais, en allemand et en fran\u00e7ais disponible: s&rsquo;il vous pla\u00eet contactez-nous.vertaling naar het Nederlands, Duits &amp; Frans beschikbaar; gelieve ons te contacteren)<\/p>\n","protected":false},"excerpt":{"rendered":"<p>t\u00e9l\u00e9charger\u00a0formulaire d&rsquo;admission\u00a0(translations into French, German and Dutch: please contact us:\u00a0traductions en n\u00e9erlandais, en allemand et en fran\u00e7ais disponible: s&rsquo;il vous pla\u00eet contactez-nous.vertaling naar het Nederlands, Duits &amp; Frans beschikbaar; gelieve ons te contacteren) Acad\u00e9mie Musique Cordiale 2013 3 &#8211; 10 Ao\u00fbt 2013 Fid\u00e8les \u00e0 la tradition qu\u2019une Acad\u00e9mie fasse partie int\u00e9grante du Festival Musique Cordiale, [&hellip;]<\/p>\n","protected":false},"author":4,"featured_media":0,"comment_status":"closed","ping_status":"closed","sticky":false,"template":"","format":"standard","meta":{"_acf_changed":false,"_monsterinsights_skip_tracking":false,"_monsterinsights_sitenote_active":false,"_monsterinsights_sitenote_note":"","_monsterinsights_sitenote_category":0,"_uf_show_specific_survey":0,"_uf_disable_surveys":false,"advanced_seo_description":"","jetpack_seo_html_title":"","jetpack_seo_noindex":false,"_jetpack_memberships_contains_paid_content":false,"footnotes":""},"categories":[],"tags":[],"class_list":["post-14964","post","type-post","status-publish","format-standard","hentry"],"acf":[],"jetpack_featured_media_url":"","jetpack_sharing_enabled":true,"jetpack-related-posts":[{"id":168,"url":"https:\/\/www.musique-cordiale.com\/academy\/","url_meta":{"origin":14964,"position":0},"title":"Academy 2013","author":"Webmaster","date":"16\/01\/2013","format":false,"excerpt":"Download Admission Form\u00a0\u00a0(translations into French, German and Dutch: please contact us:\u00a0traductions en n\u00e9erlandais, en allemand et en fran\u00e7ais disponible: s'il vous pla\u00eet contactez-nous.vertaling naar het Nederlands, Duits & Frans beschikbaar; gelieve ons te contacteren\u00a0)\u00a0 Download Flyer here 2014 Academy starts 1 August 2014. Full details here soon. Bookings from December\u2026","rel":"","context":"Dans &quot;General&quot;","block_context":{"text":"General","link":"https:\/\/www.musique-cordiale.com\/category\/general\/"},"img":{"alt_text":"","src":"https:\/\/i0.wp.com\/www.musique-cordiale.com\/wp-content\/uploads\/2012\/03\/IMG_2249-M-C-2010-Academy-orchestra--scaled.jpg?fit=1200%2C1195&ssl=1&resize=350%2C200","width":350,"height":200,"srcset":"https:\/\/i0.wp.com\/www.musique-cordiale.com\/wp-content\/uploads\/2012\/03\/IMG_2249-M-C-2010-Academy-orchestra--scaled.jpg?fit=1200%2C1195&ssl=1&resize=350%2C200 1x, https:\/\/i0.wp.com\/www.musique-cordiale.com\/wp-content\/uploads\/2012\/03\/IMG_2249-M-C-2010-Academy-orchestra--scaled.jpg?fit=1200%2C1195&ssl=1&resize=525%2C300 1.5x, https:\/\/i0.wp.com\/www.musique-cordiale.com\/wp-content\/uploads\/2012\/03\/IMG_2249-M-C-2010-Academy-orchestra--scaled.jpg?fit=1200%2C1195&ssl=1&resize=700%2C400 2x, https:\/\/i0.wp.com\/www.musique-cordiale.com\/wp-content\/uploads\/2012\/03\/IMG_2249-M-C-2010-Academy-orchestra--scaled.jpg?fit=1200%2C1195&ssl=1&resize=1050%2C600 3x"},"classes":[]},{"id":308,"url":"https:\/\/www.musique-cordiale.com\/music-cordiales-8th-year\/","url_meta":{"origin":14964,"position":1},"title":"2013 is to be the 9th year","author":"Pippa","date":"16\/01\/2013","format":false,"excerpt":"\u00a0The 9th annual Musique-Cordiale international festival is scheduled to take place from 6-17 August 2013 with the Academy assembling in the previous week and rehearsals beginning on 4 August. The festival features 17 concerts, of which 6, including the \"amuse bouche\" opening concert, will be free. Venues are the medieval\u2026","rel":"","context":"Dans &quot;Press&quot;","block_context":{"text":"Press","link":"https:\/\/www.musique-cordiale.com\/category\/press\/"},"img":{"alt_text":"","src":"https:\/\/i0.wp.com\/www.musique-cordiale.com\/wp-content\/uploads\/2013\/01\/IMG_70222012-M-C-Seillans-final-concert-from-outside-scaled.jpg?fit=1200%2C972&ssl=1&resize=350%2C200","width":350,"height":200,"srcset":"https:\/\/i0.wp.com\/www.musique-cordiale.com\/wp-content\/uploads\/2013\/01\/IMG_70222012-M-C-Seillans-final-concert-from-outside-scaled.jpg?fit=1200%2C972&ssl=1&resize=350%2C200 1x, https:\/\/i0.wp.com\/www.musique-cordiale.com\/wp-content\/uploads\/2013\/01\/IMG_70222012-M-C-Seillans-final-concert-from-outside-scaled.jpg?fit=1200%2C972&ssl=1&resize=525%2C300 1.5x, https:\/\/i0.wp.com\/www.musique-cordiale.com\/wp-content\/uploads\/2013\/01\/IMG_70222012-M-C-Seillans-final-concert-from-outside-scaled.jpg?fit=1200%2C972&ssl=1&resize=700%2C400 2x, https:\/\/i0.wp.com\/www.musique-cordiale.com\/wp-content\/uploads\/2013\/01\/IMG_70222012-M-C-Seillans-final-concert-from-outside-scaled.jpg?fit=1200%2C972&ssl=1&resize=1050%2C600 3x"},"classes":[]},{"id":14960,"url":"https:\/\/www.musique-cordiale.com\/fr\/opera-ensembles\/","url_meta":{"origin":14964,"position":2},"title":"Opera &#038; Ensembles","author":"Webmaster","date":"02\/01\/2013","format":false,"excerpt":"Entre le 6 et le 17 Ao\u00fbt, 17 concerts de genres tr\u00e8s divers seront offerts au public dans le cadre du festival 2013. L\u2019Acad\u00e9mie pour jeunes et talentueux \u00e9tudiants en musique aura lieu pendant une semaine 3-10 Ao\u00fbt\u00a0et l'orchestre & La Nuova Musica, notre ensemble en r\u00e9sidence pour l'ann\u00e9e 2013,\u2026","rel":"","context":"Article similaire","block_context":{"text":"Article similaire","link":""},"img":{"alt_text":"2013 Festival","src":"https:\/\/i0.wp.com\/www.musique-cordiale.com\/wp-content\/uploads\/2013\/01\/M-C-Verde-2013-POSTER-300x212.jpg?resize=350%2C200","width":350,"height":200},"classes":[]},{"id":14966,"url":"https:\/\/www.musique-cordiale.com\/fr\/2013-est-la-9e-edition-de-musique-cordiale\/","url_meta":{"origin":14964,"position":3},"title":"2013 est&#8230; la 9\u00e8 \u00e9dition de Musique Cordiale !","author":"Pippa","date":"16\/01\/2013","format":false,"excerpt":"La 9e \u00e9dition Musique-Cordiale est un festival international qui se tiendra 6-17 Ao\u00fbt 2013 avec l'Acad\u00e9mie montage de la semaine pr\u00e9c\u00e9dente et les r\u00e9p\u00e9titions commencent le 4 Ao\u00fbt. Le festival propose 17 concerts, dont 6, y compris les \"amuse-bouche\" concert d'ouverture, sera libre. Les sites sont les villes de colline\u2026","rel":"","context":"Article similaire","block_context":{"text":"Article similaire","link":""},"img":{"alt_text":"IMG_70222012 M-C Seillans final concert from outside","src":"https:\/\/i0.wp.com\/www.musique-cordiale.com\/wp-content\/uploads\/2013\/01\/IMG_70222012-M-C-Seillans-final-concert-from-outside-300x242.jpg?resize=350%2C200","width":350,"height":200},"classes":[]},{"id":14970,"url":"https:\/\/www.musique-cordiale.com\/fr\/musiciens-et-instruments\/","url_meta":{"origin":14964,"position":4},"title":"Musiciens et instruments","author":"Pippa","date":"24\/01\/2013","format":false,"excerpt":"VOTRE VOYAGE AU FESTIVAL: Il se fait tard pour r\u00e9server \u00e0 des prix abordables. Alors s'il vous pla\u00eet d\u00e9p\u00eachez-vous!\u00a0S'il vous pla\u00eet noter les changements du 2 Juillet 2013 au les r\u00e8gles relatives aux bagages Easyjet et plus particuli\u00e8rement exigences relatives \u00e0 Instruments de musique. Les r\u00e8gles de BA sont quelque\u2026","rel":"","context":"Article similaire","block_context":{"text":"Article similaire","link":""},"img":{"alt_text":"2013 Festival","src":"https:\/\/i0.wp.com\/www.musique-cordiale.com\/wp-content\/uploads\/2013\/01\/M-C-Verde-2013-POSTER-300x212.jpg?resize=350%2C200","width":350,"height":200},"classes":[]},{"id":143,"url":"https:\/\/www.musique-cordiale.com\/lunchtime-concerts-2013\/","url_meta":{"origin":14964,"position":5},"title":"Lunchtime Concerts 2013","author":"Webmaster","date":"06\/01\/2013","format":false,"excerpt":"\u00a02013: \u00a0CONCERTS 2, 4, 7, 10, 15 & 18 We will continue to use the Chappelle Notre Dame de l'Ormeau, one of the most beautiful monuments in Seillans, for free Lunch-time concerts. The 12th century Chapelle de l\u2019Ormeaut, lies at the southern entrance to the village, opposite the old railway\u2026","rel":"","context":"Dans &quot;General&quot;","block_context":{"text":"General","link":"https:\/\/www.musique-cordiale.com\/category\/general\/"},"img":{"alt_text":"uvs120913-004","src":"http:\/\/www.musique-cordiale.com\/wp-content\/uploads\/2013\/01\/uvs120913-004.bmp","width":350,"height":200},"classes":[]}],"jetpack_shortlink":"https:\/\/wp.me\/paEPkm-3Tm","_links":{"self":[{"href":"https:\/\/www.musique-cordiale.com\/fr\/wp-json\/wp\/v2\/posts\/14964","targetHints":{"allow":["GET"]}}],"collection":[{"href":"https:\/\/www.musique-cordiale.com\/fr\/wp-json\/wp\/v2\/posts"}],"about":[{"href":"https:\/\/www.musique-cordiale.com\/fr\/wp-json\/wp\/v2\/types\/post"}],"author":[{"embeddable":true,"href":"https:\/\/www.musique-cordiale.com\/fr\/wp-json\/wp\/v2\/users\/4"}],"replies":[{"embeddable":true,"href":"https:\/\/www.musique-cordiale.com\/fr\/wp-json\/wp\/v2\/comments?post=14964"}],"version-history":[{"count":0,"href":"https:\/\/www.musique-cordiale.com\/fr\/wp-json\/wp\/v2\/posts\/14964\/revisions"}],"wp:attachment":[{"href":"https:\/\/www.musique-cordiale.com\/fr\/wp-json\/wp\/v2\/media?parent=14964"}],"wp:term":[{"taxonomy":"category","embeddable":true,"href":"https:\/\/www.musique-cordiale.com\/fr\/wp-json\/wp\/v2\/categories?post=14964"},{"taxonomy":"post_tag","embeddable":true,"href":"https:\/\/www.musique-cordiale.com\/fr\/wp-json\/wp\/v2\/tags?post=14964"}],"curies":[{"name":"wp","href":"https:\/\/api.w.org\/{rel}","templated":true}]}}