{"id":14966,"date":"2013-01-16T11:44:40","date_gmt":"2013-01-16T11:44:40","guid":{"rendered":"http:\/\/dev3.musique-cordiale.com\/press\/2013-est-la-9e-edition-de-musique-cordiale\/"},"modified":"2013-01-16T11:44:40","modified_gmt":"2013-01-16T11:44:40","slug":"2013-est-la-9e-edition-de-musique-cordiale","status":"publish","type":"post","link":"https:\/\/www.musique-cordiale.com\/fr\/2013-est-la-9e-edition-de-musique-cordiale\/","title":{"rendered":"2013 est&#8230; la 9\u00e8 \u00e9dition de Musique Cordiale !"},"content":{"rendered":"<p><a href=\"https:\/\/i0.wp.com\/www.musique-cordiale.com\/wp-content\/uploads\/2013\/01\/IMG_70222012-M-C-Seillans-final-concert-from-outside.jpg\"><img data-recalc-dims=\"1\" loading=\"lazy\" decoding=\"async\" class=\" wp-image-1520 alignleft\" alt=\"IMG_70222012 M-C Seillans final concert from outside\" src=\"https:\/\/i0.wp.com\/www.musique-cordiale.com\/wp-content\/uploads\/2013\/01\/IMG_70222012-M-C-Seillans-final-concert-from-outside-300x242.jpg?resize=180%2C145\" width=\"180\" height=\"145\" \/><\/a>La 9e \u00e9dition Musique-Cordiale est un festival international qui se tiendra 6-17 Ao\u00fbt 2013 avec l&rsquo;Acad\u00e9mie montage de la semaine pr\u00e9c\u00e9dente et les r\u00e9p\u00e9titions commencent le 4 Ao\u00fbt. Le festival propose 17 concerts, dont 6, y compris les \u00ab\u00a0amuse-bouche\u00a0\u00bb concert d&rsquo;ouverture, sera libre. Les sites sont les villes de colline m\u00e9di\u00e9vales de Seillans, Bargemon, Mons, Callian, Bagnols-en-For\u00eat, Correns et Claviers, dans le Var, France.<\/p>\n<p>Les conducteurs sont David Bates de La Nuova Musica et Graham Ross, directeur de la musique \u00e0 Clare College, Cambridge. Travaux \u00e0 effectuer comprennent Dvorak Stabat Mater, Mozart Symphonie n \u00b0 29, Concerto pour fl\u00fbte et harpe, Britten Rejoice in the Lamb, Serenade to Music de Vaughan Williams, Rameau Pygmalion, Carissimi Jepht\u00e9, Dixit Dominus de Haendel, Charpentier Le reniement de Saint Pierre avec un \u00ab\u00a0Classic meets Jazz\u00bb soir\u00e9e avec Michel Tirabosco (fl\u00fbte de Pan) de la Suisse et de l&rsquo;Allemagne Klazz Brothers.<\/p>\n<p><strong>2013: l&rsquo;Acad\u00e9mie Musique-Cordiale<\/strong><\/p>\n<p>L&rsquo;Acad\u00e9mie sera de nouveau dirig\u00e9 par le violoniste Skye Carman. Elle a \u00e9t\u00e9 premier violon de l&rsquo;Symfonia Hollande et professeur de violon au Conservatoire ARTEZ aux Pays-Bas. Depuis 1992, elle lui a donn\u00e9 Stage Audition en Europe et aux Etats-Unis, elle maintient une classe priv\u00e9e de violon et alto \u00e9tudiants et dirige l&rsquo;orchestre \u00e0 cordes Galamian, qui fait partie de la Fondation Galamian, dont elle est est le fondateur et le directeur. Skye sera cette ann\u00e9e de travailler avec Jane Hyland, un violoncelliste et professeur exp\u00e9riment\u00e9 de Londres, qui sera son co-instructeur et mentor pour les \u00e9tudiants tout au long de la semaine. Jane \u00e9tait violoncelle solo de l&rsquo;Orchestre de la BBC du Pays de Galles, Solo-violoncelliste de l&rsquo;Orchestre du Staatstheater de Kassel, en Allemagne et a jou\u00e9 avec tous les orchestres de Londres. Elle se concentre d\u00e9sormais sur l&rsquo;enseignement, les r\u00e9citals et musique de chambre et est aussi un sculpteur passionn\u00e9.<\/p>\n<table cellspacing=\"0\" cellpadding=\"0\">\n<tbody>\n<tr>\n<td valign=\"bottom\" width=\"1016\" height=\"75\">\n<p style=\"text-align: center;\"><b>Musique Cordiale Festival International &amp; Acad\u00e9mie<\/b><br \/>Office de Tourism de Seillans, Place de Thouron, 83440 Seillans, France\u00a0\u00a0\u00a0\u00a0 +33 (0) 494 76 85 91<\/p>\n<p style=\"text-align: center;\"><strong>9<sup>me<\/sup>\u00a0festival annuel\u00a0: 6 \u2013 17 ao\u00fbt 2013 (<b>Acad\u00e9mie<\/b>\u00a03-10\u00a0<strong>ao\u00fbt)<\/strong><br \/>Seillans, Mons, Bargemon, Callian, Claviers, Bagnols-en-For\u00eat, Correns<\/strong><\/p>\n<p style=\"text-align: center;\">Association Musique Cordiale, France\u00a0\u00a0\u00a0\u00a0\u00a0\u00a0\u00a0\u00a0\u00a0\u00a0\u00a0\u00a0\u00a0\u00a0 The Musique-Cordiale Trust, England<\/p>\n<\/td>\n<\/tr>\n<\/tbody>\n<\/table>\n","protected":false},"excerpt":{"rendered":"<p>La 9e \u00e9dition Musique-Cordiale est un festival international qui se tiendra 6-17 Ao\u00fbt 2013 avec l&rsquo;Acad\u00e9mie montage de la semaine pr\u00e9c\u00e9dente et les r\u00e9p\u00e9titions commencent le 4 Ao\u00fbt. Le festival propose 17 concerts, dont 6, y compris les \u00ab\u00a0amuse-bouche\u00a0\u00bb concert d&rsquo;ouverture, sera libre. Les sites sont les villes de colline m\u00e9di\u00e9vales de Seillans, Bargemon, Mons, [&hellip;]<\/p>\n","protected":false},"author":2,"featured_media":0,"comment_status":"open","ping_status":"open","sticky":false,"template":"","format":"standard","meta":{"_acf_changed":false,"_monsterinsights_skip_tracking":false,"_monsterinsights_sitenote_active":false,"_monsterinsights_sitenote_note":"","_monsterinsights_sitenote_category":0,"_uf_show_specific_survey":0,"_uf_disable_surveys":false,"advanced_seo_description":"","jetpack_seo_html_title":"","jetpack_seo_noindex":false,"_jetpack_memberships_contains_paid_content":false,"footnotes":""},"categories":[],"tags":[],"class_list":["post-14966","post","type-post","status-publish","format-standard","hentry"],"acf":[],"jetpack_featured_media_url":"","jetpack_sharing_enabled":true,"jetpack-related-posts":[{"id":14980,"url":"https:\/\/www.musique-cordiale.com\/fr\/presse-11-juillet-2103\/","url_meta":{"origin":14966,"position":0},"title":"Presse, 11 juillet 2103","author":"Jonathan Barker","date":"11\/07\/2013","format":false,"excerpt":"PRESSE: 11 juillet 2013 \u00a0 \u00a0 \u00a0 \u00a0 \u00a0 \u00a09\u00e8me Festival International de Seillans MUSIQUE CORDIALE Du 6 au 17 ao\u00fbt 2013 Seillans - Mons - Correns - Claviers - St Rapha\u00ebl - Bargemon - Callian - Bagnols-en-For\u00eat www.musique-cordiale.com LA NUOVA MUSICA \u2022 DAVID BATES \u2022 GRAHAM ROSS \u2022 KLAZZ\u2026","rel":"","context":"Article similaire","block_context":{"text":"Article similaire","link":""},"img":{"alt_text":"Affiche - 2013 Festival: http:\/\/www.musique-cordiale.com\/programme\/","src":"https:\/\/i0.wp.com\/www.musique-cordiale.com\/wp-content\/uploads\/2013\/05\/MC2013_A4Poster2-Copy-2-214x300.jpg?resize=350%2C200","width":350,"height":200},"classes":[]},{"id":2601,"url":"https:\/\/www.musique-cordiale.com\/press-release-11-july-2013-francais\/","url_meta":{"origin":14966,"position":1},"title":"Press release 11 July 2013 (francais)","author":"Jonathan Barker","date":"11\/07\/2013","format":false,"excerpt":"PRESS: 11 juillet 2013: \u00a0 \u00a0 \u00a0 \u00a0 \u00a0 \u00a0 \u00a0 \u00a09\u00e8me Festival International de Seillans MUSIQUE CORDIALE Du 6 au 17 ao\u00fbt 2013 Seillans - Mons - Correns - Claviers - St Rapha\u00ebl - Bargemon - Callian - Bagnols-en-For\u00eat www.musique-cordiale.com LA NUOVA MUSICA \u2022 DAVID BATES \u2022 GRAHAM ROSS\u2026","rel":"","context":"Dans &quot;Press&quot;","block_context":{"text":"Press","link":"https:\/\/www.musique-cordiale.com\/category\/press\/"},"img":{"alt_text":"Musique Cordiale - Affiche - 2013 Festival","src":"https:\/\/i0.wp.com\/www.musique-cordiale.com\/wp-content\/uploads\/2013\/05\/MC2013_A4Poster2-Copy-2.jpg?fit=857%2C1200&ssl=1&resize=350%2C200","width":350,"height":200,"srcset":"https:\/\/i0.wp.com\/www.musique-cordiale.com\/wp-content\/uploads\/2013\/05\/MC2013_A4Poster2-Copy-2.jpg?fit=857%2C1200&ssl=1&resize=350%2C200 1x, https:\/\/i0.wp.com\/www.musique-cordiale.com\/wp-content\/uploads\/2013\/05\/MC2013_A4Poster2-Copy-2.jpg?fit=857%2C1200&ssl=1&resize=525%2C300 1.5x, https:\/\/i0.wp.com\/www.musique-cordiale.com\/wp-content\/uploads\/2013\/05\/MC2013_A4Poster2-Copy-2.jpg?fit=857%2C1200&ssl=1&resize=700%2C400 2x"},"classes":[]},{"id":14968,"url":"https:\/\/www.musique-cordiale.com\/fr\/programme-du-festival-2013\/","url_meta":{"origin":14966,"position":2},"title":"Programme du Festival 2013","author":"Pippa","date":"18\/01\/2013","format":false,"excerpt":"La 9e \u00e9dition du festival international Musique-Cordiale aura lieu du 6 au17 Ao\u00fbt 2013. L\u2019Acad\u00e9mie sera le point fort de la premi\u00e8re semaine, les r\u00e9p\u00e9titions du choeur commenceront le 4 Ao\u00fbt. Le festival propose 20 concerts, le concert d\u2019ouverture, sera gratuit, comme les 8 concerts de midi et le concert\u2026","rel":"","context":"Article similaire","block_context":{"text":"Article similaire","link":""},"img":{"alt_text":"affiche 2013","src":"https:\/\/i0.wp.com\/www.musique-cordiale.com\/wp-content\/uploads\/2013\/05\/MC2013_A4Poster2-Copy-2.jpg?resize=350%2C200&ssl=1","width":350,"height":200},"classes":[]},{"id":14972,"url":"https:\/\/www.musique-cordiale.com\/fr\/festival-2013-2\/","url_meta":{"origin":14966,"position":3},"title":"Festival 2013","author":"Webmaster","date":"24\/01\/2013","format":false,"excerpt":"Musique Cordiale 2013 La 9e \u00e9dition du festival international Musique-Cordiale aura lieu du 6 au17 Ao\u00fbt 2013. L\u2019Acad\u00e9mie sera le point fort de la premi\u00e8re semaine, les r\u00e9p\u00e9titions du choeur commenceront le 4 Ao\u00fbt. Le festival propose 20 concerts, le concert d\u2019ouverture, sera gratuit, comme les 8 concerts de midi\u2026","rel":"","context":"Article similaire","block_context":{"text":"Article similaire","link":""},"img":{"alt_text":"festival 2013","src":"https:\/\/i0.wp.com\/www.musique-cordiale.com\/wp-content\/uploads\/2013\/05\/MC2013_A4Poster2-Copy-2.jpg?resize=350%2C200","width":350,"height":200},"classes":[]},{"id":14960,"url":"https:\/\/www.musique-cordiale.com\/fr\/opera-ensembles\/","url_meta":{"origin":14966,"position":4},"title":"Opera &#038; Ensembles","author":"Webmaster","date":"02\/01\/2013","format":false,"excerpt":"Entre le 6 et le 17 Ao\u00fbt, 17 concerts de genres tr\u00e8s divers seront offerts au public dans le cadre du festival 2013. L\u2019Acad\u00e9mie pour jeunes et talentueux \u00e9tudiants en musique aura lieu pendant une semaine 3-10 Ao\u00fbt\u00a0et l'orchestre & La Nuova Musica, notre ensemble en r\u00e9sidence pour l'ann\u00e9e 2013,\u2026","rel":"","context":"Article similaire","block_context":{"text":"Article similaire","link":""},"img":{"alt_text":"2013 Festival","src":"https:\/\/i0.wp.com\/www.musique-cordiale.com\/wp-content\/uploads\/2013\/01\/M-C-Verde-2013-POSTER-300x212.jpg?resize=350%2C200","width":350,"height":200},"classes":[]},{"id":48816,"url":"https:\/\/www.musique-cordiale.com\/fr\/first-call-for-tickets-festival-2025\/","url_meta":{"origin":14966,"position":5},"title":"Premier appel \u00e0 billets pour le Festival 2025","author":"Jonathan Barker","date":"01\/05\/2025","format":false,"excerpt":"Votre invitation \u00e0 Musique-Cordiale 2025 Premier appel \u00e0 billets pour le festival 2025:BILLETS & FORFAITS SAISON pour le21e Festival International annuel de Musique Cordiale,\r 29 juillet - 9 ao\u00fbtsont d\u00e9sormais disponibles. Partagez la magie musicale ! Take a look at the up-to-date outline Programme. \u00a0It is still evolving but there\u2026","rel":"","context":"Dans &quot;Festival 2025&quot;","block_context":{"text":"Festival 2025","link":"https:\/\/www.musique-cordiale.com\/fr\/category\/festival-2025-fr\/"},"img":{"alt_text":"","src":"https:\/\/i0.wp.com\/www.musique-cordiale.com\/wp-content\/uploads\/2025\/05\/Paddy-Lovely-affiche-Musique-Cordiale-2025.png?fit=848%2C1200&ssl=1&resize=350%2C200","width":350,"height":200,"srcset":"https:\/\/i0.wp.com\/www.musique-cordiale.com\/wp-content\/uploads\/2025\/05\/Paddy-Lovely-affiche-Musique-Cordiale-2025.png?fit=848%2C1200&ssl=1&resize=350%2C200 1x, https:\/\/i0.wp.com\/www.musique-cordiale.com\/wp-content\/uploads\/2025\/05\/Paddy-Lovely-affiche-Musique-Cordiale-2025.png?fit=848%2C1200&ssl=1&resize=525%2C300 1.5x, https:\/\/i0.wp.com\/www.musique-cordiale.com\/wp-content\/uploads\/2025\/05\/Paddy-Lovely-affiche-Musique-Cordiale-2025.png?fit=848%2C1200&ssl=1&resize=700%2C400 2x"},"classes":[]}],"jetpack_shortlink":"https:\/\/wp.me\/paEPkm-3To","_links":{"self":[{"href":"https:\/\/www.musique-cordiale.com\/fr\/wp-json\/wp\/v2\/posts\/14966","targetHints":{"allow":["GET"]}}],"collection":[{"href":"https:\/\/www.musique-cordiale.com\/fr\/wp-json\/wp\/v2\/posts"}],"about":[{"href":"https:\/\/www.musique-cordiale.com\/fr\/wp-json\/wp\/v2\/types\/post"}],"author":[{"embeddable":true,"href":"https:\/\/www.musique-cordiale.com\/fr\/wp-json\/wp\/v2\/users\/2"}],"replies":[{"embeddable":true,"href":"https:\/\/www.musique-cordiale.com\/fr\/wp-json\/wp\/v2\/comments?post=14966"}],"version-history":[{"count":0,"href":"https:\/\/www.musique-cordiale.com\/fr\/wp-json\/wp\/v2\/posts\/14966\/revisions"}],"wp:attachment":[{"href":"https:\/\/www.musique-cordiale.com\/fr\/wp-json\/wp\/v2\/media?parent=14966"}],"wp:term":[{"taxonomy":"category","embeddable":true,"href":"https:\/\/www.musique-cordiale.com\/fr\/wp-json\/wp\/v2\/categories?post=14966"},{"taxonomy":"post_tag","embeddable":true,"href":"https:\/\/www.musique-cordiale.com\/fr\/wp-json\/wp\/v2\/tags?post=14966"}],"curies":[{"name":"wp","href":"https:\/\/api.w.org\/{rel}","templated":true}]}}