{"id":14972,"date":"2013-01-24T23:55:46","date_gmt":"2013-01-24T23:55:46","guid":{"rendered":"http:\/\/dev3.musique-cordiale.com\/general\/festival-2013-2\/"},"modified":"2013-01-24T23:55:46","modified_gmt":"2013-01-24T23:55:46","slug":"festival-2013-2","status":"publish","type":"post","link":"https:\/\/www.musique-cordiale.com\/fr\/festival-2013-2\/","title":{"rendered":"Festival 2013"},"content":{"rendered":"<h2><span style=\"font-size: 1.5em;\">Musique Cordiale 2013<\/span><\/h2>\n<p><a href=\"http:\/\/www.musique-cordiale.com\/wp-content\/uploads\/2013\/07\/MC2013_170713-BIS_v1.pdf\"><img data-recalc-dims=\"1\" loading=\"lazy\" decoding=\"async\" class=\"alignright\" alt=\"festival 2013\" src=\"https:\/\/i0.wp.com\/www.musique-cordiale.com\/wp-content\/uploads\/2013\/05\/MC2013_A4Poster2-Copy-2.jpg?resize=300%2C420\" width=\"300\" height=\"420\" \/><\/a>La 9e \u00e9dition du festival international Musique-Cordiale aura lieu du 6 au17 Ao\u00fbt 2013. L\u2019Acad\u00e9mie sera le point fort de la premi\u00e8re semaine, les r\u00e9p\u00e9titions du choeur commenceront le 4 Ao\u00fbt.<\/p>\n<p>Le festival propose 20 concerts, le concert d\u2019ouverture, sera gratuit, comme les 8 concerts de midi et le concert du jazz \u00e0 Saint-Rapha\u00ebl. Les villages partenaires de Seillans sont les suivants: Bargemon, Mons, Callian, Bagnols-en-For\u00eat, Correns et Claviers, tous situ\u00e9s dans les collines de l\u2019arri\u00e8re-pays varois.<\/p>\n<p><strong>David Bates<\/strong> de <em><strong>La Nuova Musica<\/strong><\/em> et <strong>Graham Ross<\/strong>, directeur de la musique \u00e0 Clare College, Cambridge, tiendront la baguette. Parmi les oeuvres pr\u00e9sent\u00e9es: Dvorak Stabat Mater, Mozart Symphonie n \u00b0 29, Concerto pour fl\u00fbte et harpe, Britten Rejoice in the Lamb, Serenade to Music de Vaughan Williams, \u00a0Blow Venus et Adonis, Dixit Dominus de Haendel, Charpentier Le reniement de Saint Pierre.<\/p>\n<p>\u00a0Aussi il y a des \u00a0soir\u00e9es diff\u00e9rentes \u00ab\u00a0Classic meets Jazz\u00bb \u00a0avec Maria Markesini et les Klazz Brothers venus de l&rsquo;Allemagne.<\/p>\n<p>\u00a0Allez voir\u00a0<a title=\"Lunch-time concerts\" href=\"http:\/\/www.musique-cordiale.com\/programme\/lunchtime-concerts\/\">ici<\/a>\u00a0pour la programme des\u00a0<a title=\"Lunch-time concerts\" href=\"http:\/\/www.musique-cordiale.com\/programme\/lunchtime-concerts\/\">concerts de midi<\/a>\u00a0(entr\u00e9e gratuit).<\/p>\n<h2>CONCERTS<\/h2>\n<p><span style=\"color: #333399;\"><strong>Mardi 6 ao\u00fbt<\/strong><\/span><\/p>\n<p><span style=\"color: #888888;\"><strong><span style=\"color: #800000;\">CONCERT 1<\/span><\/strong>:<\/span> \u00a019h30, Eglise de MONS<br \/> <strong><em>Prologue au Festival: Concert \u00ab\u00a0Amuse Bouche\u00a0\u00bb<\/em><\/strong>:\u00a0<br \/>Programme \u00e0 confirmer:\u00a0d\u00e9tails \u00e0 suivre<br \/><em><strong>entr\u00e9e\u00a0gratuite<\/strong><\/em><\/p>\n<h1><strong style=\"color: #333399; font-size: 13px;\">Mercredi 7 ao\u00fbt<\/strong><\/h1>\n<p><span style=\"color: #993300;\"><strong><span style=\"color: #800000;\">CONCERT 2<\/span><\/strong>:<\/span>\u00a0 \u00a012h 30, SEILLANS\u00a0<br \/> Chapelle de Notre-Dame de l&rsquo;Ormeau<br \/><a title=\"Lunchtime Concerts\" href=\"http:\/\/www.musique-cordiale.com\/programme\/lunchtime-concerts\/\">Concert de midi<\/a><br \/><strong><em>entr\u00e9e\u00a0gratuite<\/em><\/strong><\/p>\n<p><span style=\"color: #993300;\"><strong><span style=\"color: #800000;\">CONCERT 3<\/span><\/strong>:<\/span> 19h30, Eglise de SEILLANS<br \/>Membres de <em><strong>La Nuova Musica<br \/><\/strong><\/em><strong>Aires d&rsquo;Opera &#038; Dixit Dominus<\/strong><em><strong><br \/><\/strong>David Bates, chef d\u2019orchestre<br \/><\/em>Vespasian Attilo Ariosti<br \/>\u00a0 \u00a0Vespasian &#8211;\u00a0overture<br \/>G F Haendel<br \/>\u00a0 \u00a0il trionfo del tempo e del disinganno 1706<br \/>\u00a0 \u00a0 \u00a0 \u00a0Voglio Tempo, Un Pensiero nemico di pace\u00a0<br \/>\u00a0 \u00a0 \u00a0 \u00a0Lascia La Spina<br \/>\u00a0 \u00a0 Israel in Egypt 1739<br \/>\u00a0 \u00a0 \u00a0 \u00a0The Lord is a man of war<br \/>Giulio Cesare 1724<br \/>\u00a0 \u00a0Sinfonia<br \/>\u00a0 \u00a0Va tacito e nascosto, Pi\u00fa amabile belt\u00e0<br \/>\u00a0 \u00a0Dal fugor di questa spada<br \/>Attilo Ariosti<br \/>\u00a0 \u00a0Coriolano<br \/>\u00a0 \u00a0 \u00a0 scena della prigione<br \/>Francesco Conti<br \/>\u00a0 \u00a0Issipile 1732<br \/>\u00a0 \u00a0 \u00a0 Guarda mi prima in volto, nell\u2019istante sfortunato<br \/>\u00a0 \u00a0 \u00a0 Odia la Pastorella, ritrova in quei detti<br \/>\u00a0 \u00a0 \u00a0 Alexander\u2019s Feast 1736, Revenge Timotheus Cries<br \/>\u00a0 \u00a0 \u00a0 They many rend the skies with loud applause<br \/>G F Haendel &#8211;\u00a0Dixit Dominus<br \/><em><strong>prix d\u2019entr\u00e9e\u00a0: 20\u20ac<\/strong><\/em><\/p>\n<p><strong style=\"color: #333399;\">Jeudi 8 ao\u00fbt<\/strong><\/p>\n<p><span style=\"color: #993300;\"><strong>CONCERT 4<\/strong>:<\/span>\u00a0 \u00a012h 30, SEILLANS\u00a0<br \/>Chapelle de Notre-Dame de l&rsquo;Ormeau<br \/><a title=\"Lunchtime Concerts\" href=\"http:\/\/www.musique-cordiale.com\/programme\/lunchtime-concerts\/\">Concert de midi<\/a><br \/><strong><em>entr\u00e9e\u00a0gratuite<\/em><\/strong><\/p>\n<p><span style=\"color: #993300;\"><strong>CONCERT 5<\/strong>:<\/span> \u00a019h30, Eglise de CLAVIERS<br \/><em><strong>Concert des solistes de Musique Cordiale<br \/><\/strong>Graham Ross, chef d\u2019orchestre<\/em><br \/>PURCELL: Sonate pour trompette en r\u00e9 \u00a0<br \/><em>\u00a0 \u00a0John Shaddock, trompette<\/em><br \/>MOZART: Divertimento in D<br \/>HAYDN: Concerto pour violoncelle No. 2 en r\u00e9 majeur<br \/><em>\u00a0 \u00a0 Chiara Enderle, violoncelle<br \/><\/em><em>HAYDN: Sinfonia Concertante\u00a0<br \/>\u00a0 \u00a0\u00a0<em>Lavinia Price, violon<br \/>\u00a0 \u00a0 Lisa Gross, hautbois<br \/>\u00a0 \u00a0 Lara Morger, basson<br \/>\u00a0 \u00a0 Chiara Enderle, violoncelle<br \/><\/em><\/em><em><strong>prix d\u2019entr\u00e9e\u00a0: 15\u20ac<br \/>Ce concert est parrain\u00e9 par The\u00a0Morris-Venables Charitable Foundation<br \/><\/strong><\/em><\/p>\n<p>ET AUSSI:\u00a0<\/p>\n<p><span style=\"color: #993300;\"><strong>CONCERT 6<\/strong>:<\/span>\u00a0\u00a0<em>les d\u00e9tails seront confirm\u00e9s:\u00a0<\/em><br \/><strong>concert en association avec la ville de Saint-Raphael<\/strong><br \/>21h00 St RAPHAEL,\u00a0<i>Parvis des Templiers<br \/><\/i><em><strong>KLAZZ BROTHERS &#038; Maria Markesini:\u00a0<\/strong>&lsquo;Cinema Passionata&rsquo;\u00a0<\/em><br \/><em><strong>entr\u00e9e\u00a0gratuite<\/strong><\/em><\/p>\n<p><strong style=\"color: #333399;\">Vendredi 9 Ao\u00fbt\u00a0<\/strong><\/p>\n<p><span style=\"color: #993300;\"><strong><span style=\"color: #800000;\">CONCERT<\/span> <span style=\"color: #800000;\">7<\/span><\/strong>:<\/span> \u00a012h 30, SEILLANS<br \/> Chapelle de Notre-Dame de l&rsquo;Ormeau<br \/>Membres de<strong><em> l&rsquo;Acad\u00e9mie Musique-Cordiale 2013<\/em><\/strong><br \/><a title=\"Lunchtime Concerts\" href=\"http:\/\/www.musique-cordiale.com\/programme\/lunchtime-concerts\/\">Concert de mid<\/a>i<br \/><em><strong>entr\u00e9e\u00a0gratuite<\/strong><\/em><\/p>\n<p><span style=\"color: #993300;\"><strong><span style=\"color: #800000;\">CONCERT 8<\/span><\/strong>:<\/span>\u00a019h30, Eglise de SEILLANS<br \/><em><strong>Concert de l&rsquo;Acad\u00e9mie Musique-Cordiale 2013 avec orchestre<br \/><\/strong><\/em><em>Graham Ross, chef d\u2019orchestre<br \/><\/em>MOZART: Divertimento en r\u00e9, \u00a0K. 136 (\u00e0 cordes)<br \/>HAYDN:\u00a0Concerto pour violoncelle No. 2 en r\u00e9 majeur<em><br \/>\u00a0 \u00a0 Chiara Enderle, violoncelle<br \/><\/em>HAYDN: Sinfonia Concertante pour violon, hautbois,,basson et violcelle<em><br \/>\u00a0 \u00a0 Lavinia Price, Lisa Gross, Lara Morger &#038; Chiara Enderle<br \/>MOZART: Concerto pour fl\u00fbte &#038; harpe<br \/>\u00a0 \u00a0 Magdalena Krupa, fl\u00fbte, &#038; Tanya Houghton, harpe<br \/><\/em>HAYDN: Symphonie n \u00b0 87<br \/><em><strong>prix d\u2019entr\u00e9e\u00a0: 15\u20ac<br \/>Ce concert est parrain\u00e9 par la Stichting Galamian Instituut voor Musiek<\/strong>, Haarlem, Nederland, et est en cours d&rsquo;ex\u00e9cution dans la m\u00e9moire du violoniste, <strong>Carmel Kaine<\/strong>, (1937-2103) une \u00e9tudiante d&rsquo;Ivan Galamian et une amie et professeur de plusieurs musiciens associ\u00e9s avec le festival.<strong><br \/><\/strong><\/em><\/p>\n<p><strong><span style=\"color: #333399;\">Samedi 10 Ao\u00fbt<\/span><\/strong><\/p>\n<p><span style=\"color: #993300;\"><span style=\"color: #800000;\"><strong>CONCERT 9<\/strong><\/span>:<\/span> \u00a021h, SEILLANS, en pleine aire\u00a0<em>(si\u00a0le temps le permet)<\/em>, Place du Valat\u00a0<br \/><em>&lsquo;Classic Meets Jazz&rsquo;,<strong> rencontre Classique et Jazz<br \/><\/strong><\/em><em>KLAZZ Brothers &#8211; Swingin&rsquo; the Classics<br \/>avec&#8230;. <strong>Maria Markesini<\/strong><br \/><\/em><em><strong>prix d\u2019entr\u00e9e\u00a0: 15\u20ac<\/strong><\/em><\/p>\n<p><span style=\"color: #333399;\"><strong>Dimanche 11<\/strong> <\/span><strong><span style=\"color: #333399;\">Ao\u00fbt<\/span><\/strong><\/p>\n<p><strong><span style=\"color: #800000;\">CONCERT 10<\/span><\/strong>: \u00a012h 30, SEILLANS<br \/> Chappelle de Notre-Dame de l&rsquo;Ormeau<br \/> <a title=\"Lunchtime Concerts\" href=\"http:\/\/www.musique-cordiale.com\/programme\/lunchtime-concerts\/\">Concert de midi<\/a><br \/><strong><em>entr\u00e9e\u00a0gratuite<\/em><\/strong><\/p>\n<p><span style=\"color: #333399;\"><span style=\"color: #993300;\"><strong><span style=\"color: #800000;\">CONCERT 11<\/span><\/strong>:<\/span>\u00a0<\/span>\u00a019h30, Eglise de BARGEMON<br \/> <strong><em>Orchestre de concert<\/em><\/strong><br \/><em>direction: Graham Ross<\/em>\u00a0<br \/> VAUGHAN WILLIAMS: Serenade to Music <em>avec<\/em>\u00a0<strong><em>La Nuova Musica<\/em><\/strong>\u00a0<br \/>MOZART Concerto pour fl\u00fbte et harpe\u00a0<br \/>\u00a0 \u00a0\u00a0<em>Magdalena Krupa, fl\u00fbte<br \/><\/em><em>\u00a0 \u00a0 Tanya Houghton, harpe<br \/><\/em>PROKOFIEV: Pierre et le loup<br \/><em>\u00a0 \u00a0 Narration: Maurice McSweeney<br \/><em><strong>prix d&rsquo;entr\u00e9e 15\u20ac<\/strong><\/em><\/em><br \/><strong style=\"color: #333399;\"><br \/>Lundi 12 Ao\u00fbt<\/strong><\/p>\n<p><span style=\"color: #333399;\"><strong><span style=\"color: #800000;\">CONCERT 12<\/span><\/strong>:<\/span>\u00a0<br \/><span style=\"color: #800000;\"><em>(Nous regrettons de vous annoncer, le 20 Juillet 2013, que Michel Tirabosco a subi une blessure et ne sera pas en mesure de jouer cette ann\u00e9e. Nous pr\u00e9voyons actuellement d&rsquo;annuler ce concert plut\u00f4t que de le remplacer par un autre programme).\u00a0<\/em><\/span><br \/><span style=\"color: #999999;\"><strong>Musique du Monde<\/strong><\/span><br \/><span style=\"color: #999999;\">21h00 SEILLANS,\u00a0Salle Polyvalente<i><br \/><\/i><em><strong><\/strong>Michel Tirabosco, fl\u00fbte de pan, Sophie Tirabosco, voix<\/em><\/span><br \/><span style=\"color: #999999;\"><em>Jean-Marie Reboul, pianoforte<\/em><\/span><br \/><span style=\"color: #999999;\"><em><strong>prix d&rsquo;entr\u00e9e 15\u20ac<\/strong><\/em><\/span><\/p>\n<p><span style=\"color: #333399;\"><strong>Mardi 13 Ao\u00fbt<\/strong><\/span><\/p>\n<p><span style=\"color: #993300;\"><span style=\"color: #800000;\"><strong>CONCERT 13<\/strong><\/span>:<\/span>\u00a0\u00a0<strong>\u00a0<\/strong>19:30: Salle Polyvalente, Seillans<br \/><strong>Martin Trio<br \/><\/strong>Jonathan Parkin, clarinette<br \/>Dan Bull, violoncelle<br \/>John-Paul Ekins, piano<br \/>Tristan Hambleton, baritone<br \/>Beethoven\u00a0<i>Trio en B mol<\/i>\u00a0<i>pour Clarinette, violoncelle &#038; piano<br \/><\/i>Debussy\u00a0<i>Reverie<br \/><\/i>Purcell \u2018<i>Lamentation de Didon\u2019 de Didon &#038; En\u00e9e<br \/><\/i><em><strong>prix d&rsquo;entr\u00e9e 15\u20ac<\/strong><\/em><br \/><em><strong><br \/><\/strong><\/em><\/p>\n<p><span style=\"color: #800000;\"><strong>CONCERT 14<\/strong><\/span>:\u00a021h, Eglise de CORRENS<br \/><strong>Odes, Hymns et un Masque<br \/><\/strong><em>Membres de\u00a0<strong>La Nuova Musica<\/strong><\/em>\u00a0<br \/><em>Direction: David Bates<\/em><br \/>PURCELL: Come ye sons of Art<strong><br \/><\/strong>PURCELL: My Beloved Spake<br \/>CHARPENTIER: Le Reniement de S Pierre\u00a0<br \/>BLOW: God Spake sometimes in Visions\u00a0<br \/>BLOW: Venus &#038; Adonis<br \/><em><strong>prix d\u2019entr\u00e9e\u00a0: 15\u20ac<\/strong><\/em><\/p>\n<p><span style=\"color: #333399;\"><strong>Mercredi 14 Ao\u00fbt<\/strong><\/span><\/p>\n<p><span style=\"color: #993300;\"><span style=\"color: #800000;\"><strong>CONCERT 15<\/strong><\/span>:<\/span> \u00a012h 30, SEILLANS<br \/>Chappelle de Notre-Dame de l&rsquo;Ormeau<br \/><a title=\"Lunchtime Concerts\" href=\"http:\/\/www.musique-cordiale.com\/programme\/lunchtime-concerts\/\"><em>Concert de midi<\/em><\/a><br \/><strong><em>entr\u00e9e\u00a0gratuite<\/em><\/strong><\/p>\n<p><span style=\"color: #333399;\"><span style=\"color: #993300;\"><span style=\"color: #800000;\"><strong>CONCERT 16<\/strong><\/span>:<\/span>\u00a0<\/span> 19h30, Eglise de SEILLANS<br \/> <strong><em>Choral Concert &#038; Pierre et le Loup<\/em><\/strong><br \/><em>direction: Graham Ross<\/em>\u00a0<br \/> PURCELL: Ecoute ma pri\u00e8re, Seigneur (<i>Hear my prayer, O Lord)<br \/><\/i>BRUCKNER: Locus iste<br \/>BRUCKNER: Christus factus est<br \/>BRITTEN: Rejoice in the Lamb<br \/>BRAHMS: Geistliches Lied<br \/>VAUGHAN WILLIAMS: Serenade to Music <em>(avec\u00a0<strong>La Nuova Musica<\/strong>\u00a0et orchestre)<\/em><br \/>PROKOFIEV: Pierre et le Loup<br \/>\u00a0 \u00a0 <em>Narration: Maurice McSweeney<br \/><\/em><em><strong>prix d\u2019entr\u00e9e\u00a0: 20\u20ac<\/strong><\/em><\/p>\n<p><em><strong><\/strong><\/em><strong style=\"color: #333399;\">Jeudi 15 Ao\u00fbt<\/strong><\/p>\n<p><em><\/em><span style=\"color: #993300;\"><strong><span style=\"color: #800000;\">CONCERT 17<\/span><\/strong>:<\/span>\u00a0\u00a019h30, Eglise de BAGNOLS-en-FORET<br \/><em>Membres de\u00a0<strong>La Nuova Musica<br \/><\/strong><\/em><em>direction: David Bates<\/em>\u00a0<br \/><strong>BACH motets &#038; HANDEL Dixit Dominus<br \/><\/strong>BACH: Komm Jesu, Komm BWV 229<br \/>BACH: Cello Suite\u00a0\u00a01\/2<br \/>\u00a0 \u00a0<em>Chiara Enderle, violoncelle<br \/><\/em>BACH: Lobet Den Herrn \u00a0BWV 230<br \/>BACH: Cello Suite\u00a0\u00a02\/2<br \/>\u00a0 \u00a0\u00a0<em>Chiara Enderle, violoncelle<br \/><\/em>BACH: Der Geist Hilft unser schwachheit auf BWV 226<br \/>BACH: Violin Concerto\u00a0(\u00e0 confirmer)<br \/>BACH: Singet dem Herrn BWV 225<br \/>HANDEL: Dixit Dominus<br \/><em><em><strong><em><strong>prix d\u2019entr\u00e9e: 15\u20ac<\/strong><\/em><\/strong><\/em><\/em><\/p>\n<p><span style=\"color: #000080;\"><strong>Vendredi 16 Ao\u00fbt<\/strong><\/span><\/p>\n<p><span style=\"color: #993300;\"><strong>CONCERT 18<\/strong>:<\/span>\u00a0\u00a012h30, SEILLANS<br \/> Chapelle de Notre-Dame de l&rsquo;Ormeau<br \/><a title=\"Lunchtime Concerts\" href=\"http:\/\/www.musique-cordiale.com\/programme\/lunchtime-concerts\/\">Concert de mid<\/a>i<br \/><strong><em>entr\u00e9e\u00a0gratuite<\/em><\/strong><\/p>\n<p><span style=\"color: #333399;\"><span style=\"color: #800000;\"><strong>CONCERT 19<\/strong><\/span>:<\/span> 19h30, Eglise de CALLIAN<br \/><em><strong>Concert avec grand choeur et orchestre<br \/><\/strong>Graham Ross, chef d\u2019orchestre<br \/><\/em>DVORAK:: Stabat Mater <em>(solistes, choeur et orchestre)<\/em><br \/><strong><em>prix d\u2019entr\u00e9e\u00a0: 20\u20ac<\/em><\/strong><\/p>\n<p><strong style=\"color: #333399;\">Samedi 17 Ao\u00fbt<\/strong><\/p>\n<p><span style=\"color: #333399;\"><span style=\"color: #993300;\"><span style=\"color: #800000;\"><strong>CONCERT 20<\/strong><\/span>:<\/span><b> \u00a0<\/b><\/span><em style=\"color: #333333;\">19h30, Eglise de SEILLANS<br \/><\/em><strong><em>Concert de Cloture avec grand choeur et orchestre<br \/><\/em><\/strong><em>Graham Ross, chef d\u2019orchestre<br \/><\/em>DVORAK: Stabat Mater <em>(solistes, choeur et orchestre)<\/em><br \/><em><strong>prix d\u2019entr\u00e9e\u00a0: 20\u20ac<\/strong><\/em><\/p>\n","protected":false},"excerpt":{"rendered":"<p>Musique Cordiale 2013 La 9e \u00e9dition du festival international Musique-Cordiale aura lieu du 6 au17 Ao\u00fbt 2013. L\u2019Acad\u00e9mie sera le point fort de la premi\u00e8re semaine, les r\u00e9p\u00e9titions du choeur commenceront le 4 Ao\u00fbt. Le festival propose 20 concerts, le concert d\u2019ouverture, sera gratuit, comme les 8 concerts de midi et le concert du jazz [&hellip;]<\/p>\n","protected":false},"author":4,"featured_media":0,"comment_status":"closed","ping_status":"closed","sticky":false,"template":"","format":"standard","meta":{"_acf_changed":false,"_monsterinsights_skip_tracking":false,"_monsterinsights_sitenote_active":false,"_monsterinsights_sitenote_note":"","_monsterinsights_sitenote_category":0,"_uf_show_specific_survey":0,"_uf_disable_surveys":false,"advanced_seo_description":"","jetpack_seo_html_title":"","jetpack_seo_noindex":false,"_jetpack_memberships_contains_paid_content":false,"footnotes":""},"categories":[],"tags":[],"class_list":["post-14972","post","type-post","status-publish","format-standard","hentry"],"acf":[],"jetpack_featured_media_url":"","jetpack_sharing_enabled":true,"jetpack-related-posts":[{"id":14968,"url":"https:\/\/www.musique-cordiale.com\/fr\/programme-du-festival-2013\/","url_meta":{"origin":14972,"position":0},"title":"Programme du Festival 2013","author":"Pippa","date":"18\/01\/2013","format":false,"excerpt":"La 9e \u00e9dition du festival international Musique-Cordiale aura lieu du 6 au17 Ao\u00fbt 2013. L\u2019Acad\u00e9mie sera le point fort de la premi\u00e8re semaine, les r\u00e9p\u00e9titions du choeur commenceront le 4 Ao\u00fbt. Le festival propose 20 concerts, le concert d\u2019ouverture, sera gratuit, comme les 8 concerts de midi et le concert\u2026","rel":"","context":"Article similaire","block_context":{"text":"Article similaire","link":""},"img":{"alt_text":"affiche 2013","src":"https:\/\/i0.wp.com\/www.musique-cordiale.com\/wp-content\/uploads\/2013\/05\/MC2013_A4Poster2-Copy-2.jpg?resize=350%2C200&ssl=1","width":350,"height":200},"classes":[]},{"id":2601,"url":"https:\/\/www.musique-cordiale.com\/press-release-11-july-2013-francais\/","url_meta":{"origin":14972,"position":1},"title":"Press release 11 July 2013 (francais)","author":"Jonathan Barker","date":"11\/07\/2013","format":false,"excerpt":"PRESS: 11 juillet 2013: \u00a0 \u00a0 \u00a0 \u00a0 \u00a0 \u00a0 \u00a0 \u00a09\u00e8me Festival International de Seillans MUSIQUE CORDIALE Du 6 au 17 ao\u00fbt 2013 Seillans - Mons - Correns - Claviers - St Rapha\u00ebl - Bargemon - Callian - Bagnols-en-For\u00eat www.musique-cordiale.com LA NUOVA MUSICA \u2022 DAVID BATES \u2022 GRAHAM ROSS\u2026","rel":"","context":"Dans &quot;Press&quot;","block_context":{"text":"Press","link":"https:\/\/www.musique-cordiale.com\/category\/press\/"},"img":{"alt_text":"Musique Cordiale - Affiche - 2013 Festival","src":"https:\/\/i0.wp.com\/www.musique-cordiale.com\/wp-content\/uploads\/2013\/05\/MC2013_A4Poster2-Copy-2.jpg?fit=857%2C1200&ssl=1&resize=350%2C200","width":350,"height":200,"srcset":"https:\/\/i0.wp.com\/www.musique-cordiale.com\/wp-content\/uploads\/2013\/05\/MC2013_A4Poster2-Copy-2.jpg?fit=857%2C1200&ssl=1&resize=350%2C200 1x, https:\/\/i0.wp.com\/www.musique-cordiale.com\/wp-content\/uploads\/2013\/05\/MC2013_A4Poster2-Copy-2.jpg?fit=857%2C1200&ssl=1&resize=525%2C300 1.5x, https:\/\/i0.wp.com\/www.musique-cordiale.com\/wp-content\/uploads\/2013\/05\/MC2013_A4Poster2-Copy-2.jpg?fit=857%2C1200&ssl=1&resize=700%2C400 2x"},"classes":[]},{"id":14980,"url":"https:\/\/www.musique-cordiale.com\/fr\/presse-11-juillet-2103\/","url_meta":{"origin":14972,"position":2},"title":"Presse, 11 juillet 2103","author":"Jonathan Barker","date":"11\/07\/2013","format":false,"excerpt":"PRESSE: 11 juillet 2013 \u00a0 \u00a0 \u00a0 \u00a0 \u00a0 \u00a09\u00e8me Festival International de Seillans MUSIQUE CORDIALE Du 6 au 17 ao\u00fbt 2013 Seillans - Mons - Correns - Claviers - St Rapha\u00ebl - Bargemon - Callian - Bagnols-en-For\u00eat www.musique-cordiale.com LA NUOVA MUSICA \u2022 DAVID BATES \u2022 GRAHAM ROSS \u2022 KLAZZ\u2026","rel":"","context":"Article similaire","block_context":{"text":"Article similaire","link":""},"img":{"alt_text":"Affiche - 2013 Festival: http:\/\/www.musique-cordiale.com\/programme\/","src":"https:\/\/i0.wp.com\/www.musique-cordiale.com\/wp-content\/uploads\/2013\/05\/MC2013_A4Poster2-Copy-2-214x300.jpg?resize=350%2C200","width":350,"height":200},"classes":[]},{"id":14966,"url":"https:\/\/www.musique-cordiale.com\/fr\/2013-est-la-9e-edition-de-musique-cordiale\/","url_meta":{"origin":14972,"position":3},"title":"2013 est&#8230; la 9\u00e8 \u00e9dition de Musique Cordiale !","author":"Pippa","date":"16\/01\/2013","format":false,"excerpt":"La 9e \u00e9dition Musique-Cordiale est un festival international qui se tiendra 6-17 Ao\u00fbt 2013 avec l'Acad\u00e9mie montage de la semaine pr\u00e9c\u00e9dente et les r\u00e9p\u00e9titions commencent le 4 Ao\u00fbt. Le festival propose 17 concerts, dont 6, y compris les \"amuse-bouche\" concert d'ouverture, sera libre. Les sites sont les villes de colline\u2026","rel":"","context":"Article similaire","block_context":{"text":"Article similaire","link":""},"img":{"alt_text":"IMG_70222012 M-C Seillans final concert from outside","src":"https:\/\/i0.wp.com\/www.musique-cordiale.com\/wp-content\/uploads\/2013\/01\/IMG_70222012-M-C-Seillans-final-concert-from-outside-300x242.jpg?resize=350%2C200","width":350,"height":200},"classes":[]},{"id":14982,"url":"https:\/\/www.musique-cordiale.com\/fr\/michel-tirabosco-2\/","url_meta":{"origin":14972,"position":4},"title":"Michel Tirabosco","author":"Jonathan Barker","date":"20\/07\/2013","format":false,"excerpt":"Nous regrettons de vous annoncer, le 20 Juillet 2013, que Michel Tirabosco a subi une blessure et ne sera pas en mesure de jouer cette ann\u00e9e. Nous pr\u00e9voyons actuellement d'annuler le \u00abconcert\u00bb Musique du Monde \u00bb, le 12 Ao\u00fbt 2013 \u00e0 21h plut\u00f4t que de la remplacer par une alternative\u2026","rel":"","context":"Article similaire","block_context":{"text":"Article similaire","link":""},"img":{"alt_text":"IMG_5590  2012 08 008 M-C Bargemon- low res","src":"https:\/\/i0.wp.com\/www.musique-cordiale.com\/wp-content\/uploads\/2013\/07\/IMG_5590-2012-08-008-M-C-Bargemon-low-res-300x199.jpg?resize=350%2C200","width":350,"height":200},"classes":[]},{"id":14960,"url":"https:\/\/www.musique-cordiale.com\/fr\/opera-ensembles\/","url_meta":{"origin":14972,"position":5},"title":"Opera &#038; Ensembles","author":"Webmaster","date":"02\/01\/2013","format":false,"excerpt":"Entre le 6 et le 17 Ao\u00fbt, 17 concerts de genres tr\u00e8s divers seront offerts au public dans le cadre du festival 2013. L\u2019Acad\u00e9mie pour jeunes et talentueux \u00e9tudiants en musique aura lieu pendant une semaine 3-10 Ao\u00fbt\u00a0et l'orchestre & La Nuova Musica, notre ensemble en r\u00e9sidence pour l'ann\u00e9e 2013,\u2026","rel":"","context":"Article similaire","block_context":{"text":"Article similaire","link":""},"img":{"alt_text":"2013 Festival","src":"https:\/\/i0.wp.com\/www.musique-cordiale.com\/wp-content\/uploads\/2013\/01\/M-C-Verde-2013-POSTER-300x212.jpg?resize=350%2C200","width":350,"height":200},"classes":[]}],"jetpack_shortlink":"https:\/\/wp.me\/paEPkm-3Tu","_links":{"self":[{"href":"https:\/\/www.musique-cordiale.com\/fr\/wp-json\/wp\/v2\/posts\/14972","targetHints":{"allow":["GET"]}}],"collection":[{"href":"https:\/\/www.musique-cordiale.com\/fr\/wp-json\/wp\/v2\/posts"}],"about":[{"href":"https:\/\/www.musique-cordiale.com\/fr\/wp-json\/wp\/v2\/types\/post"}],"author":[{"embeddable":true,"href":"https:\/\/www.musique-cordiale.com\/fr\/wp-json\/wp\/v2\/users\/4"}],"replies":[{"embeddable":true,"href":"https:\/\/www.musique-cordiale.com\/fr\/wp-json\/wp\/v2\/comments?post=14972"}],"version-history":[{"count":0,"href":"https:\/\/www.musique-cordiale.com\/fr\/wp-json\/wp\/v2\/posts\/14972\/revisions"}],"wp:attachment":[{"href":"https:\/\/www.musique-cordiale.com\/fr\/wp-json\/wp\/v2\/media?parent=14972"}],"wp:term":[{"taxonomy":"category","embeddable":true,"href":"https:\/\/www.musique-cordiale.com\/fr\/wp-json\/wp\/v2\/categories?post=14972"},{"taxonomy":"post_tag","embeddable":true,"href":"https:\/\/www.musique-cordiale.com\/fr\/wp-json\/wp\/v2\/tags?post=14972"}],"curies":[{"name":"wp","href":"https:\/\/api.w.org\/{rel}","templated":true}]}}