{"id":14976,"date":"2013-05-28T10:42:58","date_gmt":"2013-05-28T10:42:58","guid":{"rendered":"http:\/\/dev3.musique-cordiale.com\/general\/bagages-aeriennes-changements-de-regles\/"},"modified":"2013-05-28T10:42:58","modified_gmt":"2013-05-28T10:42:58","slug":"bagages-aeriennes-changements-de-regles","status":"publish","type":"post","link":"https:\/\/www.musique-cordiale.com\/fr\/bagages-aeriennes-changements-de-regles\/","title":{"rendered":"Bagages a\u00e9riennes &#8211; changements de r\u00e8gles"},"content":{"rendered":"<p><a href=\"https:\/\/i0.wp.com\/www.musique-cordiale.com\/wp-content\/uploads\/2013\/07\/IMG_5318-2012-08-008-M-C-Bargemon-WEB.jpg\"><img data-recalc-dims=\"1\" loading=\"lazy\" decoding=\"async\" class=\"alignleft  wp-image-2860\" alt=\"M-C violins in Bargemon 2012\" src=\"https:\/\/i0.wp.com\/www.musique-cordiale.com\/wp-content\/uploads\/2013\/07\/IMG_5318-2012-08-008-M-C-Bargemon-WEB.jpg?resize=311%2C207\" width=\"311\" height=\"207\" \/><\/a>Avant votre d\u00e9part, s&rsquo;il vous pla\u00eet v\u00e9rifier les r\u00e8gles de <a title=\"Vos Vols: Regles\" href=\"http:\/\/www.musique-cordiale.com\/participants\/players-instruments\/\" target=\"_blank\">bagages des compagnies a\u00e9rienne<\/a>s. Il ya des changements du 2 Juillet 2013 au les r\u00e8gles relatives aux bagages Easyjet et plus particuli\u00e8rement exigences relatives \u00e0 Instruments de musique. Autres r\u00e8gles a\u00e9riennes sont un peu diff\u00e9rentes (et un peu moins claire) et des restrictions de taille sont devenus plus serr\u00e9.<\/p>\n","protected":false},"excerpt":{"rendered":"<p>Avant votre d\u00e9part, s&rsquo;il vous pla\u00eet v\u00e9rifier les r\u00e8gles de bagages des compagnies a\u00e9riennes. Il ya des changements du 2 Juillet 2013 au les r\u00e8gles relatives aux bagages Easyjet et plus particuli\u00e8rement exigences relatives \u00e0 Instruments de musique. Autres r\u00e8gles a\u00e9riennes sont un peu diff\u00e9rentes (et un peu moins claire) et des restrictions de taille [&hellip;]<\/p>\n","protected":false},"author":3,"featured_media":0,"comment_status":"closed","ping_status":"open","sticky":false,"template":"","format":"standard","meta":{"_acf_changed":false,"_monsterinsights_skip_tracking":false,"_monsterinsights_sitenote_active":false,"_monsterinsights_sitenote_note":"","_monsterinsights_sitenote_category":0,"_uf_show_specific_survey":0,"_uf_disable_surveys":false,"advanced_seo_description":"","jetpack_seo_html_title":"","jetpack_seo_noindex":false,"_jetpack_memberships_contains_paid_content":false,"footnotes":""},"categories":[],"tags":[],"class_list":["post-14976","post","type-post","status-publish","format-standard","hentry"],"acf":[],"jetpack_featured_media_url":"","jetpack_sharing_enabled":true,"jetpack-related-posts":[{"id":14970,"url":"https:\/\/www.musique-cordiale.com\/fr\/musiciens-et-instruments\/","url_meta":{"origin":14976,"position":0},"title":"Musiciens et instruments","author":"Pippa","date":"24\/01\/2013","format":false,"excerpt":"VOTRE VOYAGE AU FESTIVAL: Il se fait tard pour r\u00e9server \u00e0 des prix abordables. Alors s'il vous pla\u00eet d\u00e9p\u00eachez-vous!\u00a0S'il vous pla\u00eet noter les changements du 2 Juillet 2013 au les r\u00e8gles relatives aux bagages Easyjet et plus particuli\u00e8rement exigences relatives \u00e0 Instruments de musique. Les r\u00e8gles de BA sont quelque\u2026","rel":"","context":"Article similaire","block_context":{"text":"Article similaire","link":""},"img":{"alt_text":"2013 Festival","src":"https:\/\/i0.wp.com\/www.musique-cordiale.com\/wp-content\/uploads\/2013\/01\/M-C-Verde-2013-POSTER-300x212.jpg?resize=350%2C200","width":350,"height":200},"classes":[]},{"id":33848,"url":"https:\/\/www.musique-cordiale.com\/fr\/cancellation-of-the-2020-festival\/","url_meta":{"origin":14976,"position":1},"title":"Annulation du Festival 2020","author":"Jonathan Barker","date":"23\/05\/2020","format":false,"excerpt":"\u00a0 click here to see May 2020 UPDATE\u00a0 - en anglais -\u00a0see public announcement in English\u00a0 \u00a0 \u00a0 \u00a0 \u00a0 \u00a0 \u00a0 \u00a0 \u00a0 \u00a0 \u00a0 \u00a0 Pour t\u00e9l\u00e9charger ce message en fran\u00e7ais au format PDF, cliquez ICI VERSION FRAN\u00c7AIS: MISE \u00c0 JOUR 29 Mai 2020 Tout \u00e9tait organis\u00e9 et\u2026","rel":"","context":"Dans &quot;Non classifi\u00e9(e)&quot;","block_context":{"text":"Non classifi\u00e9(e)","link":"https:\/\/www.musique-cordiale.com\/fr\/category\/non-classifiee\/"},"img":{"alt_text":"","src":"https:\/\/i0.wp.com\/www.musique-cordiale.com\/wp-content\/uploads\/2020\/02\/49516519892_afdd7f5fd6_o-scaled.jpg?fit=1200%2C583&ssl=1&resize=350%2C200","width":350,"height":200,"srcset":"https:\/\/i0.wp.com\/www.musique-cordiale.com\/wp-content\/uploads\/2020\/02\/49516519892_afdd7f5fd6_o-scaled.jpg?fit=1200%2C583&ssl=1&resize=350%2C200 1x, https:\/\/i0.wp.com\/www.musique-cordiale.com\/wp-content\/uploads\/2020\/02\/49516519892_afdd7f5fd6_o-scaled.jpg?fit=1200%2C583&ssl=1&resize=525%2C300 1.5x, https:\/\/i0.wp.com\/www.musique-cordiale.com\/wp-content\/uploads\/2020\/02\/49516519892_afdd7f5fd6_o-scaled.jpg?fit=1200%2C583&ssl=1&resize=700%2C400 2x, https:\/\/i0.wp.com\/www.musique-cordiale.com\/wp-content\/uploads\/2020\/02\/49516519892_afdd7f5fd6_o-scaled.jpg?fit=1200%2C583&ssl=1&resize=1050%2C600 3x"},"classes":[]},{"id":15003,"url":"https:\/\/www.musique-cordiale.com\/fr\/concert-de-noel-2015\/","url_meta":{"origin":14976,"position":2},"title":"Concert de No\u00ebl 2015","author":"Hannah Stodart","date":"28\/09\/2015","format":false,"excerpt":"Le premier \u00e9v\u00e9nement des Amis aura lieu le jeudi 3 d\u00e9cembre \u00e0 l'Union Chapel, Islington, Londres. Le 3 d\u00e9cembre, Graham Ross dirigera son propre Ch\u0153ur du Clare College Cambridge avec l\u2019Orchestre de l\u2019\u00c2ge des Lumi\u00e8res et une affiche \u00e9blouissante de solistes dans le Messie de Haendel. Graham nous rejoindra \u00e0\u2026","rel":"","context":"Article similaire","block_context":{"text":"Article similaire","link":""},"img":{"alt_text":"Choir of Clare College Cambridge","src":"https:\/\/i0.wp.com\/www.musique-cordiale.com\/wp-content\/uploads\/2015\/09\/Choir-of-Clare-College-Cambridge1-240x300.jpg?resize=350%2C200","width":350,"height":200},"classes":[]},{"id":14980,"url":"https:\/\/www.musique-cordiale.com\/fr\/presse-11-juillet-2103\/","url_meta":{"origin":14976,"position":3},"title":"Presse, 11 juillet 2103","author":"Jonathan Barker","date":"11\/07\/2013","format":false,"excerpt":"PRESSE: 11 juillet 2013 \u00a0 \u00a0 \u00a0 \u00a0 \u00a0 \u00a09\u00e8me Festival International de Seillans MUSIQUE CORDIALE Du 6 au 17 ao\u00fbt 2013 Seillans - Mons - Correns - Claviers - St Rapha\u00ebl - Bargemon - Callian - Bagnols-en-For\u00eat www.musique-cordiale.com LA NUOVA MUSICA \u2022 DAVID BATES \u2022 GRAHAM ROSS \u2022 KLAZZ\u2026","rel":"","context":"Article similaire","block_context":{"text":"Article similaire","link":""},"img":{"alt_text":"Affiche - 2013 Festival: http:\/\/www.musique-cordiale.com\/programme\/","src":"https:\/\/i0.wp.com\/www.musique-cordiale.com\/wp-content\/uploads\/2013\/05\/MC2013_A4Poster2-Copy-2-214x300.jpg?resize=350%2C200","width":350,"height":200},"classes":[]},{"id":14997,"url":"https:\/\/www.musique-cordiale.com\/fr\/concert-surprise-gratuit\/","url_meta":{"origin":14976,"position":4},"title":"CONCERT SURPRISE &#8211; gratuit","author":"Jonathan Barker","date":"29\/07\/2014","format":false,"excerpt":"Dimanche 10 ao\u00fbt\u00a0\u00c9glise de Seillans\u00a019h00\u00a0\u2013\u00a0CONCERT SURPRISE:\u00a0Andrew Staples, t\u00e9nor\u00a0\u2013 r\u00e9cital,\u00a0Rebecca Taylor piano,\u00a0Entr\u00e9e Gratuite ......\u00a0Frais du concert d'ouverture de la BBC Proms cette ann\u00e9e et avec nous bri\u00e8vement entre les performances au Festival de Salzbourg, Andy Staples revient \u00e0 Musique Cordiale pour un r\u00e9cital \u00e0 Seillans dans un concert suppl\u00e9mentaire ( ).\u2026","rel":"","context":"Article similaire","block_context":{"text":"Article similaire","link":""},"img":{"alt_text":"Andrew Staples with Graham Ross at Musique Cordiale","src":"https:\/\/i0.wp.com\/www.musique-cordiale.com\/wp-content\/uploads\/2011\/03\/4868509518_626c70d3a0_b-300x109.jpg?resize=350%2C200","width":350,"height":200},"classes":[]},{"id":14978,"url":"https:\/\/www.musique-cordiale.com\/fr\/le-financement-cible-a-lannee-de-lancement-de-the-musique-cordiale-trust\/","url_meta":{"origin":14976,"position":5},"title":"Le financement cible \u00e0 l&rsquo;ann\u00e9e de lancement de \u00ab\u00a0The Musique-Cordiale Trust\u00a0\u00bb","author":"Jonathan Barker","date":"30\/06\/2013","format":false,"excerpt":"Nous lan\u00e7ons The Musique-Cordiale Trust \u00a0cette ann\u00e9e. \u00a0 Nos objectifs sont d'aider \u00e0 assurer l'avenir du festival et d'encourager plus de l'\u00e9ducation et le d\u00e9veloppement et l'\u00e9change de talents musicaux du genre que le Musique Cordiale Festival & Acad\u00e9mie\u00a0a favoris\u00e9 au cours de la derni\u00e8re d\u00e9cennie \u00e0 travers l'Europe international.\u2026","rel":"","context":"Article similaire","block_context":{"text":"Article similaire","link":""},"img":{"alt_text":"M-C color logo highQ","src":"https:\/\/i0.wp.com\/www.musique-cordiale.com\/wp-content\/uploads\/2011\/03\/M-C-color-logo-highQ-218x300.jpg?resize=350%2C200","width":350,"height":200},"classes":[]}],"jetpack_shortlink":"https:\/\/wp.me\/paEPkm-3Ty","_links":{"self":[{"href":"https:\/\/www.musique-cordiale.com\/fr\/wp-json\/wp\/v2\/posts\/14976","targetHints":{"allow":["GET"]}}],"collection":[{"href":"https:\/\/www.musique-cordiale.com\/fr\/wp-json\/wp\/v2\/posts"}],"about":[{"href":"https:\/\/www.musique-cordiale.com\/fr\/wp-json\/wp\/v2\/types\/post"}],"author":[{"embeddable":true,"href":"https:\/\/www.musique-cordiale.com\/fr\/wp-json\/wp\/v2\/users\/3"}],"replies":[{"embeddable":true,"href":"https:\/\/www.musique-cordiale.com\/fr\/wp-json\/wp\/v2\/comments?post=14976"}],"version-history":[{"count":0,"href":"https:\/\/www.musique-cordiale.com\/fr\/wp-json\/wp\/v2\/posts\/14976\/revisions"}],"wp:attachment":[{"href":"https:\/\/www.musique-cordiale.com\/fr\/wp-json\/wp\/v2\/media?parent=14976"}],"wp:term":[{"taxonomy":"category","embeddable":true,"href":"https:\/\/www.musique-cordiale.com\/fr\/wp-json\/wp\/v2\/categories?post=14976"},{"taxonomy":"post_tag","embeddable":true,"href":"https:\/\/www.musique-cordiale.com\/fr\/wp-json\/wp\/v2\/tags?post=14976"}],"curies":[{"name":"wp","href":"https:\/\/api.w.org\/{rel}","templated":true}]}}