{"id":14978,"date":"2013-06-30T06:49:58","date_gmt":"2013-06-30T06:49:58","guid":{"rendered":"http:\/\/dev3.musique-cordiale.com\/general\/le-financement-cible-a-lannee-de-lancement-de-the-musique-cordiale-trust\/"},"modified":"2013-06-30T06:49:58","modified_gmt":"2013-06-30T06:49:58","slug":"le-financement-cible-a-lannee-de-lancement-de-the-musique-cordiale-trust","status":"publish","type":"post","link":"https:\/\/www.musique-cordiale.com\/fr\/le-financement-cible-a-lannee-de-lancement-de-the-musique-cordiale-trust\/","title":{"rendered":"Le financement cible \u00e0 l&rsquo;ann\u00e9e de lancement de \u00ab\u00a0The Musique-Cordiale Trust\u00a0\u00bb"},"content":{"rendered":"<p><a href=\"https:\/\/i0.wp.com\/www.musique-cordiale.com\/wp-content\/uploads\/2011\/03\/M-C-color-logo-highQ.jpg\"><img data-recalc-dims=\"1\" loading=\"lazy\" decoding=\"async\" class=\" wp-image-1171 alignleft\" src=\"https:\/\/i0.wp.com\/www.musique-cordiale.com\/wp-content\/uploads\/2011\/03\/M-C-color-logo-highQ-218x300.jpg?resize=131%2C180\" alt=\"M-C color logo highQ\" width=\"131\" height=\"180\" srcset=\"https:\/\/i0.wp.com\/www.musique-cordiale.com\/wp-content\/uploads\/2011\/03\/M-C-color-logo-highQ-scaled.jpg?resize=218%2C300&amp;ssl=1 218w, https:\/\/i0.wp.com\/www.musique-cordiale.com\/wp-content\/uploads\/2011\/03\/M-C-color-logo-highQ-scaled.jpg?resize=750%2C1031&amp;ssl=1 750w, https:\/\/i0.wp.com\/www.musique-cordiale.com\/wp-content\/uploads\/2011\/03\/M-C-color-logo-highQ-scaled.jpg?resize=768%2C1055&amp;ssl=1 768w, https:\/\/i0.wp.com\/www.musique-cordiale.com\/wp-content\/uploads\/2011\/03\/M-C-color-logo-highQ-scaled.jpg?resize=1118%2C1536&amp;ssl=1 1118w, https:\/\/i0.wp.com\/www.musique-cordiale.com\/wp-content\/uploads\/2011\/03\/M-C-color-logo-highQ-scaled.jpg?resize=1490%2C2048&amp;ssl=1 1490w, https:\/\/i0.wp.com\/www.musique-cordiale.com\/wp-content\/uploads\/2011\/03\/M-C-color-logo-highQ-scaled.jpg?resize=600%2C825&amp;ssl=1 600w, https:\/\/i0.wp.com\/www.musique-cordiale.com\/wp-content\/uploads\/2011\/03\/M-C-color-logo-highQ-scaled.jpg?resize=254%2C350&amp;ssl=1 254w, https:\/\/i0.wp.com\/www.musique-cordiale.com\/wp-content\/uploads\/2011\/03\/M-C-color-logo-highQ-scaled.jpg?w=1863&amp;ssl=1 1863w, https:\/\/i0.wp.com\/www.musique-cordiale.com\/wp-content\/uploads\/2011\/03\/M-C-color-logo-highQ-scaled.jpg?w=1280&amp;ssl=1 1280w\" sizes=\"auto, (max-width: 131px) 100vw, 131px\" \/><\/a> Nous lan\u00e7ons <strong>The Musique-Cordiale Trust<\/strong> \u00a0cette ann\u00e9e. \u00a0 Nos objectifs sont d&rsquo;aider \u00e0 assurer l&rsquo;avenir du festival et d&rsquo;encourager plus de l&rsquo;\u00e9ducation et le d\u00e9veloppement et l&rsquo;\u00e9change de talents musicaux du genre que le <strong>Musique Cordiale Festival &amp; Acad\u00e9mie<\/strong>\u00a0a favoris\u00e9 au cours de la derni\u00e8re d\u00e9cennie \u00e0 travers l&rsquo;Europe international. \u00a0 <span style=\"color: #333399;\"><strong>Notre objectif initial est de recueillir 25 000 livres (GBP \u00a3) dans la prochaine ann\u00e9e<\/strong>. Nous avons d\u00e9j\u00e0 des engagements qui s&rsquo;\u00e9l\u00e8vent \u00e0 plus de \u00a3 10,000 GBP.<\/span> Nous tiendrons nos membres et sympathisants au courant de nos plans. Nous aurons besoin de votre aide! Nous allons \u00e9galement organiser un \u00e9v\u00e9nement de lancement et concert \u00e0 Londres, o\u00f9 certains de \u00ab\u00a0nos\u00a0\u00bb artistes se produiront. Plus de d\u00e9tails bient\u00f4t ici ou contactez-moi: <span \n                data-original-string='xQ8zbjLMsJDcFZvgvkWsBA==b08oXh2iMCAQcb+jSssa8aYijdcEes0yaj6PDJ1D2B0204='\n                class='apbct-email-encoder'\n                title='This contact has been encoded by Anti-Spam by CleanTalk. Click to decode. To finish the decoding make sure that JavaScript is enabled in your browser.'>jo<span class=\"apbct-blur\">******<\/span>@<span class=\"apbct-blur\">**************<\/span>le.com<\/span>. \u00a0 Bien que le festival et l&rsquo;acad\u00e9mie ont b\u00e9n\u00e9fici\u00e9 d&rsquo;un soutien financier tr\u00e8s appr\u00e9ci\u00e9 de plusieurs villes dans le Var (notamment la municipalit\u00e9 de <a title=\"Ville de Seillans\" href=\"https:\/\/www.google.co.uk\/url?sa=t&amp;rct=j&amp;q=&amp;esrc=s&amp;source=web&amp;cd=8&amp;ved=0CFoQFjAH&amp;url=http%3A%2F%2Fwww.seillans.fr%2F&amp;ei=LH-xUf_zPM3A7AaY54CIAQ&amp;usg=AFQjCNGeWX5Cv6yJMKWM3JiNr__YUSuHmA&amp;sig2=jeuMApdA15DraJeT6D-3Mw&amp;bvm=bv.47534661,d.ZWU\" target=\"_blank\">Seillans<\/a> et <a title=\"Pays de Fayence\" href=\"https:\/\/www.google.co.uk\/url?sa=t&amp;rct=j&amp;q=&amp;esrc=s&amp;source=web&amp;cd=1&amp;cad=rja&amp;sqi=2&amp;ved=0CDIQFjAA&amp;url=http%3A%2F%2Fwww.cc-paysdefayence.fr%2F&amp;ei=yH6xUd3WBYn17Aaz3oCICQ&amp;usg=AFQjCNF_dx3rzydj7rTI5zviU28ibahv8Q&amp;sig2=DFhuSkrh_xG9T4PdVPqCoA&amp;bvm=bv.47534661,d.ZWU\" target=\"_blank\">La Communaut\u00e9 de Communes du Pays de Fayence<\/a>, ainsi que de Callian, Fayence, Bagnols-en-For\u00eat et Saint -Rapha\u00ebl) et ont d\u00e9velopp\u00e9 un revenu r\u00e9gulier \u00e0 partir de la vente de billets, la participation et des frais des \u00e9tudiants, les cotisations des membres et gr\u00e2ce \u00e0 la g\u00e9n\u00e9rosit\u00e9 de quelques amis, patrons et donateurs, il y a un tr\u00e8s grand besoin de fonds pour assurer sa viabilit\u00e9 \u00e0 long terme. \u00a0 Avec votre soutien, le Fonds devrait \u00eatre en mesure d&rsquo;aider \u00e0 atteindre cet objectif ainsi que d&rsquo;aider \u00e0 promouvoir les objectifs plus larges qu&rsquo;il partage avec <strong><em>l&rsquo;Association Musique Cordiale<\/em><\/strong> (en France), qui organise le festival et acad\u00e9mie et, \u00e0 travers elle, encourage \u00e9galement la compr\u00e9hension musicale et culturelle \u00e9change. <strong>The Musique-Cordiale Trust<\/strong>\u00a0sera bas\u00e9 en Grande-Bretagne. \u00a0 Jonathan Barker octobre 2014<\/p>\n","protected":false},"excerpt":{"rendered":"<p>Nous lan\u00e7ons The Musique-Cordiale Trust \u00a0cette ann\u00e9e. \u00a0 Nos objectifs sont d&rsquo;aider \u00e0 assurer l&rsquo;avenir du festival et d&rsquo;encourager plus de l&rsquo;\u00e9ducation et le d\u00e9veloppement et l&rsquo;\u00e9change de talents musicaux du genre que le Musique Cordiale Festival &amp; Acad\u00e9mie\u00a0a favoris\u00e9 au cours de la derni\u00e8re d\u00e9cennie \u00e0 travers l&rsquo;Europe international. \u00a0 Notre objectif initial est [&hellip;]<\/p>\n","protected":false},"author":3,"featured_media":0,"comment_status":"open","ping_status":"open","sticky":false,"template":"","format":"standard","meta":{"_acf_changed":false,"_monsterinsights_skip_tracking":false,"_monsterinsights_sitenote_active":false,"_monsterinsights_sitenote_note":"","_monsterinsights_sitenote_category":0,"_uf_show_specific_survey":0,"_uf_disable_surveys":false,"advanced_seo_description":"","jetpack_seo_html_title":"","jetpack_seo_noindex":false,"_jetpack_memberships_contains_paid_content":false,"footnotes":""},"categories":[],"tags":[],"class_list":["post-14978","post","type-post","status-publish","format-standard","hentry"],"acf":[],"jetpack_featured_media_url":"","jetpack_sharing_enabled":true,"jetpack-related-posts":[{"id":33848,"url":"https:\/\/www.musique-cordiale.com\/fr\/cancellation-of-the-2020-festival\/","url_meta":{"origin":14978,"position":0},"title":"Annulation du Festival 2020","author":"Jonathan Barker","date":"23\/05\/2020","format":false,"excerpt":"\u00a0 click here to see May 2020 UPDATE\u00a0 - en anglais -\u00a0see public announcement in English\u00a0 \u00a0 \u00a0 \u00a0 \u00a0 \u00a0 \u00a0 \u00a0 \u00a0 \u00a0 \u00a0 \u00a0 Pour t\u00e9l\u00e9charger ce message en fran\u00e7ais au format PDF, cliquez ICI VERSION FRAN\u00c7AIS: MISE \u00c0 JOUR 29 Mai 2020 Tout \u00e9tait organis\u00e9 et\u2026","rel":"","context":"Dans &quot;Non classifi\u00e9(e)&quot;","block_context":{"text":"Non classifi\u00e9(e)","link":"https:\/\/www.musique-cordiale.com\/fr\/category\/non-classifiee\/"},"img":{"alt_text":"","src":"https:\/\/i0.wp.com\/www.musique-cordiale.com\/wp-content\/uploads\/2020\/02\/49516519892_afdd7f5fd6_o-scaled.jpg?fit=1200%2C583&ssl=1&resize=350%2C200","width":350,"height":200,"srcset":"https:\/\/i0.wp.com\/www.musique-cordiale.com\/wp-content\/uploads\/2020\/02\/49516519892_afdd7f5fd6_o-scaled.jpg?fit=1200%2C583&ssl=1&resize=350%2C200 1x, https:\/\/i0.wp.com\/www.musique-cordiale.com\/wp-content\/uploads\/2020\/02\/49516519892_afdd7f5fd6_o-scaled.jpg?fit=1200%2C583&ssl=1&resize=525%2C300 1.5x, https:\/\/i0.wp.com\/www.musique-cordiale.com\/wp-content\/uploads\/2020\/02\/49516519892_afdd7f5fd6_o-scaled.jpg?fit=1200%2C583&ssl=1&resize=700%2C400 2x, https:\/\/i0.wp.com\/www.musique-cordiale.com\/wp-content\/uploads\/2020\/02\/49516519892_afdd7f5fd6_o-scaled.jpg?fit=1200%2C583&ssl=1&resize=1050%2C600 3x"},"classes":[]},{"id":14991,"url":"https:\/\/www.musique-cordiale.com\/fr\/merci-remerciements\/","url_meta":{"origin":14978,"position":1},"title":"Merci &#038; remerciements","author":"Webmaster","date":"22\/01\/2014","format":false,"excerpt":"C\u2019est \u00e0 tous ceux et celles qui ont contribu\u00e9 \u00e0 rendre possibles le festival Musique Cordiale 2014 et son Acad\u00e9mie que va notre reconnaissance. Cette aide \u00e0 pris les formes les plus diverses\u00a0: certains ont donn\u00e9 de leur temps ou de l\u2019\u00e9nergie, d\u2019autres nous ont donn\u00e9 de pr\u00e9cieux conseils, il\u2026","rel":"","context":"Article similaire","block_context":{"text":"Article similaire","link":""},"img":{"alt_text":"musique-cordiale-logo","src":"https:\/\/i0.wp.com\/www.musique-cordiale.com\/wp-content\/uploads\/2011\/03\/musique-cordiale-logo.gif?resize=350%2C200","width":350,"height":200},"classes":[]},{"id":47877,"url":"https:\/\/www.musique-cordiale.com\/fr\/actualite-musique-cordiale-janvier-2025\/","url_meta":{"origin":14978,"position":2},"title":"ACTUALIT\u00c9 Musique Cordiale","author":"Jonathan Barker","date":"06\/01\/2025","format":false,"excerpt":"La BILLETERIE DU FESTIVAL est OUVERTE pour le Festival 2025 (depuis P\u00e2ques) ! La version d\u00e9finitive du PROGRAMME DU FESTIVAL, du 29 juillet au 9 ao\u00fbt 2025, est d\u00e9sormais disponible sur le site et une version est en cours d'impression pour une distribution locale, accompagn\u00e9e d'affiches. L'affiche figure en premi\u00e8re\u2026","rel":"","context":"Dans &quot;Festival 2025&quot;","block_context":{"text":"Festival 2025","link":"https:\/\/www.musique-cordiale.com\/fr\/category\/festival-2025-fr\/"},"img":{"alt_text":"","src":"","width":0,"height":0},"classes":[]},{"id":14984,"url":"https:\/\/www.musique-cordiale.com\/fr\/2013-informations-biographiques\/","url_meta":{"origin":14978,"position":3},"title":"2013 Informations Biographiques","author":"Webmaster","date":"29\/07\/2013","format":false,"excerpt":"Nous sommes heureux que le directeur musical de 2013 est Graham Ross et nous sommes ravis que l\u2019ensemble en r\u00e9sidence est \u00e0 La Nuova Musica, r\u00e9alis\u00e9 par David Bates. Graham et David ont men\u00e9 \u00e0 Musique Cordiale pendant les f\u00eates pass\u00e9es. Plus d\u2019informations \u00e0 leur sujet et au sujet de\u2026","rel":"","context":"Article similaire","block_context":{"text":"Article similaire","link":""},"img":{"alt_text":"","src":"","width":0,"height":0},"classes":[]},{"id":41416,"url":"https:\/\/www.musique-cordiale.com\/fr\/retour-en-france-2023-2\/","url_meta":{"origin":14978,"position":4},"title":"Retour en France 2023","author":"Jonathan Barker","date":"25\/06\/2023","format":false,"excerpt":"Il est temps de r\u00e9introduire \"Musique Cordiale\" aupr\u00e8s de nos fid\u00e8les supporters proven\u00e7aux. Nous sommes pr\u00eats \u00e0 accueillir \u00e0 nouveau notre public fran\u00e7ais et europ\u00e9en spectateurs et \u00e0 inviter de nouveaux appr\u00e9ciateur de musique de haut calibre, qu'ils soient des visiteurs saisonniers ou des r\u00e9sidents locaux du coin pittoresque du\u2026","rel":"","context":"Dans &quot;G\u00e9n\u00e9ral&quot;","block_context":{"text":"G\u00e9n\u00e9ral","link":"https:\/\/www.musique-cordiale.com\/fr\/category\/general-fr\/"},"img":{"alt_text":"","src":"https:\/\/i0.wp.com\/www.musique-cordiale.com\/wp-content\/uploads\/2023\/06\/MC-no-year-header.png?resize=350%2C200&ssl=1","width":350,"height":200,"srcset":"https:\/\/i0.wp.com\/www.musique-cordiale.com\/wp-content\/uploads\/2023\/06\/MC-no-year-header.png?resize=350%2C200&ssl=1 1x, https:\/\/i0.wp.com\/www.musique-cordiale.com\/wp-content\/uploads\/2023\/06\/MC-no-year-header.png?resize=525%2C300&ssl=1 1.5x, https:\/\/i0.wp.com\/www.musique-cordiale.com\/wp-content\/uploads\/2023\/06\/MC-no-year-header.png?resize=700%2C400&ssl=1 2x, https:\/\/i0.wp.com\/www.musique-cordiale.com\/wp-content\/uploads\/2023\/06\/MC-no-year-header.png?resize=1050%2C600&ssl=1 3x"},"classes":[]},{"id":14960,"url":"https:\/\/www.musique-cordiale.com\/fr\/opera-ensembles\/","url_meta":{"origin":14978,"position":5},"title":"Opera &#038; Ensembles","author":"Webmaster","date":"02\/01\/2013","format":false,"excerpt":"Entre le 6 et le 17 Ao\u00fbt, 17 concerts de genres tr\u00e8s divers seront offerts au public dans le cadre du festival 2013. L\u2019Acad\u00e9mie pour jeunes et talentueux \u00e9tudiants en musique aura lieu pendant une semaine 3-10 Ao\u00fbt\u00a0et l'orchestre & La Nuova Musica, notre ensemble en r\u00e9sidence pour l'ann\u00e9e 2013,\u2026","rel":"","context":"Article similaire","block_context":{"text":"Article similaire","link":""},"img":{"alt_text":"2013 Festival","src":"https:\/\/i0.wp.com\/www.musique-cordiale.com\/wp-content\/uploads\/2013\/01\/M-C-Verde-2013-POSTER-300x212.jpg?resize=350%2C200","width":350,"height":200},"classes":[]}],"jetpack_shortlink":"https:\/\/wp.me\/paEPkm-3TA","_links":{"self":[{"href":"https:\/\/www.musique-cordiale.com\/fr\/wp-json\/wp\/v2\/posts\/14978","targetHints":{"allow":["GET"]}}],"collection":[{"href":"https:\/\/www.musique-cordiale.com\/fr\/wp-json\/wp\/v2\/posts"}],"about":[{"href":"https:\/\/www.musique-cordiale.com\/fr\/wp-json\/wp\/v2\/types\/post"}],"author":[{"embeddable":true,"href":"https:\/\/www.musique-cordiale.com\/fr\/wp-json\/wp\/v2\/users\/3"}],"replies":[{"embeddable":true,"href":"https:\/\/www.musique-cordiale.com\/fr\/wp-json\/wp\/v2\/comments?post=14978"}],"version-history":[{"count":0,"href":"https:\/\/www.musique-cordiale.com\/fr\/wp-json\/wp\/v2\/posts\/14978\/revisions"}],"wp:attachment":[{"href":"https:\/\/www.musique-cordiale.com\/fr\/wp-json\/wp\/v2\/media?parent=14978"}],"wp:term":[{"taxonomy":"category","embeddable":true,"href":"https:\/\/www.musique-cordiale.com\/fr\/wp-json\/wp\/v2\/categories?post=14978"},{"taxonomy":"post_tag","embeddable":true,"href":"https:\/\/www.musique-cordiale.com\/fr\/wp-json\/wp\/v2\/tags?post=14978"}],"curies":[{"name":"wp","href":"https:\/\/api.w.org\/{rel}","templated":true}]}}