{"id":14980,"date":"2013-07-11T12:53:50","date_gmt":"2013-07-11T12:53:50","guid":{"rendered":"http:\/\/dev3.musique-cordiale.com\/press\/presse-11-juillet-2103\/"},"modified":"2013-07-11T12:53:50","modified_gmt":"2013-07-11T12:53:50","slug":"presse-11-juillet-2103","status":"publish","type":"post","link":"https:\/\/www.musique-cordiale.com\/fr\/presse-11-juillet-2103\/","title":{"rendered":"Presse, 11 juillet 2103"},"content":{"rendered":"<figure id=\"attachment_2330\" aria-describedby=\"caption-attachment-2330\" style=\"width: 128px\" class=\"wp-caption alignleft\"><a href=\"https:\/\/i0.wp.com\/www.musique-cordiale.com\/wp-content\/uploads\/2013\/05\/MC2013_A4Poster2-Copy-2.jpg\"><img data-recalc-dims=\"1\" loading=\"lazy\" decoding=\"async\" class=\" wp-image-2330 \" alt=\"Affiche - 2013 Festival: http:\/\/www.musique-cordiale.com\/programme\/\" src=\"https:\/\/i0.wp.com\/www.musique-cordiale.com\/wp-content\/uploads\/2013\/05\/MC2013_A4Poster2-Copy-2-214x300.jpg?resize=128%2C180\" width=\"128\" height=\"180\" srcset=\"https:\/\/i0.wp.com\/www.musique-cordiale.com\/wp-content\/uploads\/2013\/05\/MC2013_A4Poster2-Copy-2.jpg?resize=214%2C300&amp;ssl=1 214w, https:\/\/i0.wp.com\/www.musique-cordiale.com\/wp-content\/uploads\/2013\/05\/MC2013_A4Poster2-Copy-2.jpg?resize=750%2C1050&amp;ssl=1 750w, https:\/\/i0.wp.com\/www.musique-cordiale.com\/wp-content\/uploads\/2013\/05\/MC2013_A4Poster2-Copy-2.jpg?resize=768%2C1075&amp;ssl=1 768w, https:\/\/i0.wp.com\/www.musique-cordiale.com\/wp-content\/uploads\/2013\/05\/MC2013_A4Poster2-Copy-2.jpg?resize=1097%2C1536&amp;ssl=1 1097w, https:\/\/i0.wp.com\/www.musique-cordiale.com\/wp-content\/uploads\/2013\/05\/MC2013_A4Poster2-Copy-2.jpg?resize=600%2C840&amp;ssl=1 600w, https:\/\/i0.wp.com\/www.musique-cordiale.com\/wp-content\/uploads\/2013\/05\/MC2013_A4Poster2-Copy-2.jpg?resize=250%2C350&amp;ssl=1 250w, https:\/\/i0.wp.com\/www.musique-cordiale.com\/wp-content\/uploads\/2013\/05\/MC2013_A4Poster2-Copy-2.jpg?w=1150&amp;ssl=1 1150w\" sizes=\"auto, (max-width: 128px) 100vw, 128px\" \/><\/a><figcaption id=\"caption-attachment-2330\" class=\"wp-caption-text\">2013 Festival<\/figcaption><\/figure>\n<div align=\"center\">\n<table width=\"650\" border=\"0\" cellspacing=\"15\" cellpadding=\"0\">\n<tbody>\n<tr>\n<td>\n<p align=\"center\"><b>PRESSE: 11 juillet 2013 \u00a0 \u00a0 \u00a0 \u00a0 \u00a0 \u00a09\u00e8me Festival International de Seillans<\/b><b><br \/> MUSIQUE CORDIALE<\/b><\/p>\n<p align=\"center\"><b>Du 6 au 17 ao\u00fbt 2013<\/b><br \/> <b>Seillans &#8211; Mons &#8211; Correns &#8211; Claviers &#8211; St Rapha\u00ebl &#8211; Bargemon &#8211; Callian &#8211; Bagnols-en-For\u00eat<\/b><\/p>\n<\/td>\n<\/tr>\n<tr>\n<td>\n<p align=\"center\"> <a href=\"https:\/\/www.musique-cordiale.com\/fr\/\">www.musique-cordiale.com<\/a><\/p>\n<p align=\"center\">LA NUOVA MUSICA \u2022 DAVID BATES \u2022 GRAHAM ROSS \u2022 KLAZZ BROTHERS \u2022 MICHEL TIRABOSCO \u2022 HANDEL \u2022 HAYDN \u2022 VAUGHAN WILLIAMS \u2022 PROKOFIEV \u2022 CHARPENTIER \u2022 BLOW \u2022 PURCELL \u2022 BRUCKNER \u2022 BRITTEN \u2022 BACH \u2022 DVORAK \u2022 MOZART<\/p>\n<\/td>\n<\/tr>\n<tr>\n<td>\n<p><b>La 9\u00e8 \u00e9dition du Festival International Musique-Cordiale aura lieu du 6 au 17 ao\u00fbt 2013. Ce festival qui se d\u00e9roule dans le cadre exceptionnel des collines de l\u2019arri\u00e8re-pays varois, fleure bon une ambiance conviviale et estivale en faisant vivre et jouer ensemble des musiciens europ\u00e9ens de talent, m\u00ealant les plus jeunes aux plus chevronn\u00e9s, croisant les styles et les formations (musique de chambre,\u00a0 r\u00e9citals, orchestre, choeur) dans une programmation \u00e9clectique nous offrant ainsi des concerts quotidiens -quelquefois m\u00eame midi et soir- dans des lieux de charme\u2026 De la musique avant toute chose, et dans une joyeuse ambiance.<\/b><\/p>\n<p><b>L\u2019Acad\u00e9mie (qui se tient \u00e0 Seillans) sera le point fort de la premi\u00e8re semaine. <\/b>De jeunes musiciens\u00a0 de talents (cette ann\u00e9e 3 fran\u00e7ais et 3 anglais) sont int\u00e9gr\u00e9s dans l\u2019orchestre aupr\u00e8s de musiciens professionnels, <b>sous la baguette de Graham Ross<\/b>, leur permettant de vivre une belle une exp\u00e9rience tout en recevant un enseignement de qualit\u00e9. <b>Leur programme symphonique sera donn\u00e9 en concert le 9 ao\u00fbt.<\/b><\/p>\n<p><b>Le ch\u0153ur arrivera la deuxi\u00e8me semaine<\/b> et proposera un programme a cappella (14 ao\u00fbt Seillans) ainsi que le poignant Stabat Mater de Dvorak dans sa version avec orchestre (il en existe une premi\u00e8re version avec piano) les 16 et 17 ao\u00fbt\u00a0 \u00e0 Callian puis Seillans.<\/p>\n<p><b>20 concerts seront au programme sous la direction des deux chefs David Bates<\/b> (Directeur de la <a href=\"http:\/\/lanuovamusica.co.uk\/about-us\/\">Nuova Musica<\/a>) <b>et Graham Ross<\/b> (Directeur musical au <a href=\"http:\/\/www.clare.cam.ac.uk\/Fellows-and-Staff-Directory\/gr267\/\">Clare College de Cambridge<\/a>).<\/p>\n<p>Parmi les \u0153uvres pr\u00e9sent\u00e9es : le Dixit Dominus de Haendel, le Reniement de St Pierre de Charpentier,\u00a0 les Motets de Bach, le Concerto pour fl\u00fbte et harpe de Mozart, le Stabat Mater de Dvorak, Rejoice in the Lamb de B. Britten,\u00a0 Serenade to Music de Vauhgan Williams, Pierre et le Loup de Prokofiev (en fran\u00e7ais)\u2026<\/p>\n<p>Il y aura <b>\u00e9galement des soir\u00e9es rencontres<\/b> : jazz et classique avec les excellents Klazz Brother \u00ab\u00a0Swingin\u2019the Classics\u00a0\u00bb (10 ao\u00fbt Seillans), musiques du monde (12 ao\u00fbt Seillans),\u00a0 musiques de films (8 ao\u00fbt St Rapha\u00ebl).<\/p>\n<p><b>Le concert d\u2019ouverture, les\u00a0 8 concerts de midi et le concert de jazz de St Rapha\u00ebl seront en entr\u00e9e libre. <\/b>Les villages partenaires de Seillans -o\u00f9 se d\u00e9roulent \u00e9galement des concerts en soir\u00e9e,\u00a0 sont Bargemon, Mons, Callian, Bagnols-en For\u00eat, Correns, Claviers, tous situ\u00e9s dans les collines de l\u2019arri\u00e8re-pays varois.<\/p>\n<\/td>\n<\/tr>\n<tr>\n<td style=\"text-align: center;\">\u00a0PROGRAMME:\u00a0<a title=\"presse 11 juillet 2013 - festival MUSIQUE CORDIALE 6-17 aout\" href=\"http:\/\/www.datapressepremium.com\/rmdiff\/2008331\/diff_20153715808.pdf\" target=\"_blank\">cliquez ici<\/a><\/td>\n<\/tr>\n<tr>\n<td>\n<p><b>L&rsquo;ASSOCIATION MUSIQUE CORDIALE<\/b><\/p>\n<\/td>\n<\/tr>\n<tr>\n<td>\n<p><b>Le festival est organis\u00e9 par L\u2019Association Musique Cordiale<\/b>, un organisme fran\u00e7ais (loi 1901) qui pour objet de favoriser l\u2019\u00e9change culturel, dans un cadre europ\u00e9en et international, et de promouvoir l\u2019\u00e9tude et la pratique de la musique et du chant.<\/p>\n<p><b>L\u2019association est soutenue par une soci\u00e9t\u00e9 britannique \u00e0 but non lucratif, The Musique-Cordiale Trust<\/b>, qui a pour but la promotion de la musique de haute qualit\u00e9, le soutien artistique et l\u2019\u00e9ducation des musiciens de talent de toute l\u2019Europe.<\/p>\n<p><b>Pippa Pawlik est la Directrice artistique du Festival.<\/b> Elle a \u00e9tudi\u00e9 le violon au Royal College of Music de Londres et a jou\u00e9 \u00e0 Londres et en Suisse jusqu\u2019en 1988. Elle s\u2019est alors impliqu\u00e9e dans la promotion de la musique, en collaboration avec des maisons de disques, des orchestres internationaux, des festivals et des artistes du monde entier.<br \/> Pippa vit d\u00e9sormais principalement \u00e0 Londres, tout en gardant des liens \u00e9troits avec Zurich, par son travail avec l\u2019Orchestre Tonhalle-Zurich et son chef, David Zinman. Elle passe autant de temps que possible en France o\u00f9 Musique Cordiale est devenu l\u2019un des \u00e9v\u00e9nements marquants de la vie du village de Seillans.<br \/> En plus de contacts avec les m\u00e9dias internationaux, elle offre \u00e9galement son conseil \u00e0 des musiciens en mati\u00e8re d\u2019orientation de carri\u00e8re, d\u2019inspiration, de r\u00e9flexion et de strat\u00e9gies ; la musique est pour elle un moyen de rassembler les gens : \u00ab\u00a0apporter la musique \u00e0 la vie\u00a0\u00bb dit-elle.<br \/> Pippa est assist\u00e9e dans ce travail par les membres du Conseil d\u2019Administration, y compris son tr\u00e9sorier et sa secr\u00e9taire (qui chante \u00e9galement dans la chorale) et par de nombreuses autres personnes qui donnent de leur temps ou de l\u2019argent pour que la f\u00eate soit belle. Sans le pr\u00e9cieux soutien du Maire et de la Municipalit\u00e9 de Seillans, le festival ne pourrait pas exister. Le programme musical offert cette ann\u00e9e doit sa qualit\u00e9 aux deux chefs d\u2019orchestre : Graham Ross et David Bates, et aux musiciens professionnels qui consacrent leur temps et leur engagement au festival.<\/p>\n<\/td>\n<\/tr>\n<tr>\n<td>\n<p><b>INFORMATIONS PRATIQUES<\/b><\/p>\n<\/td>\n<\/tr>\n<tr>\n<td>\n<p><b>TARIFS<\/b><br \/> De 15 \u20ac \u00e0 20 \u20ac<br \/> Les concerts d&rsquo;ouverture, du midi et le concert de jazz de St Rapha\u00ebl sont en entr\u00e9e libre<\/p>\n<p><b>RENSEIGNEMENTS \/ RESERVATIONS<\/b><br \/> Office de tourisme de Seillans<br \/> Tel : + 33 4 94 76 85 91<br \/> Mail : <a href=\"mailto:ot*********@*****oo.fr\" data-original-string=\"54C9pBfxdcMJYtRXJs4sgg==b08DGq7n5hnJgjiu0igxqIFCCSX9BRDKbuGvP6C3kbZo7c=\" title=\"This contact has been encoded by Anti-Spam by CleanTalk. Click to decode. To finish the decoding make sure that JavaScript is enabled in your browser.\"><span \n                data-original-string='ohVI5LJJcs0byiR3EWOtDg==b08yme\/5sVjZT+B0EO9ZQgwASaFhnzCwlGTAgkQiIxIcVA='\n                class='apbct-email-encoder'\n                title='This contact has been encoded by Anti-Spam by CleanTalk. Click to decode. To finish the decoding make sure that JavaScript is enabled in your browser.'>ot<span class=\"apbct-blur\">*********<\/span>@<span class=\"apbct-blur\">*****<\/span>oo.fr<\/span><\/a><\/p>\n<p><b>CONTACT PRESSE <\/b><em>(English, francais, deutch)<\/em><br \/> Pippa Pawlik<br \/> Tel : +44 7976 301 443 (Skype: pippapawlik)<br \/> Mail : <a href=\"mailto:pi*********@**************le.com\" data-original-string=\"RzyeenchAS1ISNhg+Km4yw==b08WQgut53ghJpHG8tNRYfP\/8UIqDaxOr4\/zaRMjeUwi78uTlVtmGniNBquoyi\/AQJE\" title=\"This contact has been encoded by Anti-Spam by CleanTalk. Click to decode. To finish the decoding make sure that JavaScript is enabled in your browser.\"><span \n                data-original-string='kcgiUuA0TiM+MMpBZrBjMg==b08nSUx\/8+\/MumDUi7HPt6p2052o98QKQIrAsgSV0vuTCPd4kWr79I9OhipGmHTsZnY'\n                class='apbct-email-encoder'\n                title='This contact has been encoded by Anti-Spam by CleanTalk. Click to decode. To finish the decoding make sure that JavaScript is enabled in your browser.'>pi<span class=\"apbct-blur\">*********<\/span>@<span class=\"apbct-blur\">**************<\/span>le.com<\/span><\/a><\/p>\n<p><b>Plus d&rsquo;informations sur<\/b> : <a href=\"https:\/\/www.musique-cordiale.com\/fr\/\">www.musique-cordiale.com<\/a><\/p>\n<\/td>\n<\/tr>\n<\/tbody>\n<\/table>\n<p>PROGRAMME \u00a0(ou si le message ne s&rsquo;affiche pas correctement),\u00a0<a title=\"presse 11 juillet 2013 - festival MUSIQUE CORDIALE 6-17 aout\" href=\"http:\/\/www.datapressepremium.com\/rmdiff\/2008331\/diff_20153715808.pdf\" target=\"_blank\">cliquez ici<\/a><\/p>\n<\/div>\n","protected":false},"excerpt":{"rendered":"<p>PRESSE: 11 juillet 2013 \u00a0 \u00a0 \u00a0 \u00a0 \u00a0 \u00a09\u00e8me Festival International de Seillans MUSIQUE CORDIALE Du 6 au 17 ao\u00fbt 2013 Seillans &#8211; Mons &#8211; Correns &#8211; Claviers &#8211; St Rapha\u00ebl &#8211; Bargemon &#8211; Callian &#8211; Bagnols-en-For\u00eat www.musique-cordiale.com LA NUOVA MUSICA \u2022 DAVID BATES \u2022 GRAHAM ROSS \u2022 KLAZZ BROTHERS \u2022 MICHEL TIRABOSCO \u2022 [&hellip;]<\/p>\n","protected":false},"author":3,"featured_media":0,"comment_status":"closed","ping_status":"open","sticky":false,"template":"","format":"standard","meta":{"_acf_changed":false,"_monsterinsights_skip_tracking":false,"_monsterinsights_sitenote_active":false,"_monsterinsights_sitenote_note":"","_monsterinsights_sitenote_category":0,"_uf_show_specific_survey":0,"_uf_disable_surveys":false,"advanced_seo_description":"","jetpack_seo_html_title":"","jetpack_seo_noindex":false,"_jetpack_memberships_contains_paid_content":false,"footnotes":""},"categories":[],"tags":[],"class_list":["post-14980","post","type-post","status-publish","format-standard","hentry"],"acf":[],"jetpack_featured_media_url":"","jetpack_sharing_enabled":true,"jetpack-related-posts":[{"id":2601,"url":"https:\/\/www.musique-cordiale.com\/press-release-11-july-2013-francais\/","url_meta":{"origin":14980,"position":0},"title":"Press release 11 July 2013 (francais)","author":"Jonathan Barker","date":"11\/07\/2013","format":false,"excerpt":"PRESS: 11 juillet 2013: \u00a0 \u00a0 \u00a0 \u00a0 \u00a0 \u00a0 \u00a0 \u00a09\u00e8me Festival International de Seillans MUSIQUE CORDIALE Du 6 au 17 ao\u00fbt 2013 Seillans - Mons - Correns - Claviers - St Rapha\u00ebl - Bargemon - Callian - Bagnols-en-For\u00eat www.musique-cordiale.com LA NUOVA MUSICA \u2022 DAVID BATES \u2022 GRAHAM ROSS\u2026","rel":"","context":"Dans &quot;Press&quot;","block_context":{"text":"Press","link":"https:\/\/www.musique-cordiale.com\/category\/press\/"},"img":{"alt_text":"Musique Cordiale - Affiche - 2013 Festival","src":"https:\/\/i0.wp.com\/www.musique-cordiale.com\/wp-content\/uploads\/2013\/05\/MC2013_A4Poster2-Copy-2.jpg?fit=857%2C1200&ssl=1&resize=350%2C200","width":350,"height":200,"srcset":"https:\/\/i0.wp.com\/www.musique-cordiale.com\/wp-content\/uploads\/2013\/05\/MC2013_A4Poster2-Copy-2.jpg?fit=857%2C1200&ssl=1&resize=350%2C200 1x, https:\/\/i0.wp.com\/www.musique-cordiale.com\/wp-content\/uploads\/2013\/05\/MC2013_A4Poster2-Copy-2.jpg?fit=857%2C1200&ssl=1&resize=525%2C300 1.5x, https:\/\/i0.wp.com\/www.musique-cordiale.com\/wp-content\/uploads\/2013\/05\/MC2013_A4Poster2-Copy-2.jpg?fit=857%2C1200&ssl=1&resize=700%2C400 2x"},"classes":[]},{"id":3387,"url":"https:\/\/www.musique-cordiale.com\/diner-gala-fundraising-dinner-2014-8-juillet-19h30\/","url_meta":{"origin":14980,"position":1},"title":"D\u00eener \u00e0 Gala \/ Fundraising Dinner 2014: 8 juillet \u00e0 19h30","author":"Jonathan Barker","date":"08\/06\/2014","format":false,"excerpt":"Champagne, musique, chanson & r\u00e9pas gourmand \u00a0Soir\u00e9e Musicale au profit du\u00a0festival Something for your diary if you might be in the Var in early July. Do come and join us for our enjoyable annual\u00a0Musique Cordiale Gala Fund-raiser: Champagne, Dinner & Musical Entertainment: 19h30, La Magnanerie, 83440, Seillans, France. Venez partager\u2026","rel":"","context":"Dans &quot;General&quot;","block_context":{"text":"General","link":"https:\/\/www.musique-cordiale.com\/category\/general\/"},"img":{"alt_text":"","src":"https:\/\/www.paypalobjects.com\/en_GB\/i\/scr\/pixel.gif","width":350,"height":200},"classes":[]},{"id":308,"url":"https:\/\/www.musique-cordiale.com\/music-cordiales-8th-year\/","url_meta":{"origin":14980,"position":2},"title":"2013 is to be the 9th year","author":"Pippa","date":"16\/01\/2013","format":false,"excerpt":"\u00a0The 9th annual Musique-Cordiale international festival is scheduled to take place from 6-17 August 2013 with the Academy assembling in the previous week and rehearsals beginning on 4 August. The festival features 17 concerts, of which 6, including the \"amuse bouche\" opening concert, will be free. Venues are the medieval\u2026","rel":"","context":"Dans &quot;Press&quot;","block_context":{"text":"Press","link":"https:\/\/www.musique-cordiale.com\/category\/press\/"},"img":{"alt_text":"","src":"https:\/\/i0.wp.com\/www.musique-cordiale.com\/wp-content\/uploads\/2013\/01\/IMG_70222012-M-C-Seillans-final-concert-from-outside-scaled.jpg?fit=1200%2C972&ssl=1&resize=350%2C200","width":350,"height":200,"srcset":"https:\/\/i0.wp.com\/www.musique-cordiale.com\/wp-content\/uploads\/2013\/01\/IMG_70222012-M-C-Seillans-final-concert-from-outside-scaled.jpg?fit=1200%2C972&ssl=1&resize=350%2C200 1x, https:\/\/i0.wp.com\/www.musique-cordiale.com\/wp-content\/uploads\/2013\/01\/IMG_70222012-M-C-Seillans-final-concert-from-outside-scaled.jpg?fit=1200%2C972&ssl=1&resize=525%2C300 1.5x, https:\/\/i0.wp.com\/www.musique-cordiale.com\/wp-content\/uploads\/2013\/01\/IMG_70222012-M-C-Seillans-final-concert-from-outside-scaled.jpg?fit=1200%2C972&ssl=1&resize=700%2C400 2x, https:\/\/i0.wp.com\/www.musique-cordiale.com\/wp-content\/uploads\/2013\/01\/IMG_70222012-M-C-Seillans-final-concert-from-outside-scaled.jpg?fit=1200%2C972&ssl=1&resize=1050%2C600 3x"},"classes":[]},{"id":14968,"url":"https:\/\/www.musique-cordiale.com\/fr\/programme-du-festival-2013\/","url_meta":{"origin":14980,"position":3},"title":"Programme du Festival 2013","author":"Pippa","date":"18\/01\/2013","format":false,"excerpt":"La 9e \u00e9dition du festival international Musique-Cordiale aura lieu du 6 au17 Ao\u00fbt 2013. L\u2019Acad\u00e9mie sera le point fort de la premi\u00e8re semaine, les r\u00e9p\u00e9titions du choeur commenceront le 4 Ao\u00fbt. Le festival propose 20 concerts, le concert d\u2019ouverture, sera gratuit, comme les 8 concerts de midi et le concert\u2026","rel":"","context":"Article similaire","block_context":{"text":"Article similaire","link":""},"img":{"alt_text":"affiche 2013","src":"https:\/\/i0.wp.com\/www.musique-cordiale.com\/wp-content\/uploads\/2013\/05\/MC2013_A4Poster2-Copy-2.jpg?resize=350%2C200&ssl=1","width":350,"height":200},"classes":[]},{"id":140,"url":"https:\/\/www.musique-cordiale.com\/jazz\/","url_meta":{"origin":14980,"position":4},"title":"Classic meets Jazz","author":"Webmaster","date":"29\/03\/2012","format":false,"excerpt":"2013: KLAZZ Brothers Classic meets Jazz -\u00a0rencontre Classique et Jazz\u00a0 + Michel Tirabosco - Music with a difference\u00a0 2013 information here soon:\u00a0 Musique Cordiale Festival jazz concerts this year\u00a0in Seillans & St Raphael\u00a0 \u00a0 \u00a0 _______________________________________ The jazz concert at Musique Cordiale 2012 consisted of a piano trio who came\u2026","rel":"","context":"Dans &quot;Press&quot;","block_context":{"text":"Press","link":"https:\/\/www.musique-cordiale.com\/category\/press\/"},"img":{"alt_text":"Lousie Golbey","src":"https:\/\/i0.wp.com\/www.musique-cordiale.com\/wp-content\/uploads\/2011\/03\/Louise_Studio_Hi-Res_351-scaled.jpg?fit=857%2C1200&ssl=1&resize=350%2C200","width":350,"height":200,"srcset":"https:\/\/i0.wp.com\/www.musique-cordiale.com\/wp-content\/uploads\/2011\/03\/Louise_Studio_Hi-Res_351-scaled.jpg?fit=857%2C1200&ssl=1&resize=350%2C200 1x, https:\/\/i0.wp.com\/www.musique-cordiale.com\/wp-content\/uploads\/2011\/03\/Louise_Studio_Hi-Res_351-scaled.jpg?fit=857%2C1200&ssl=1&resize=525%2C300 1.5x, https:\/\/i0.wp.com\/www.musique-cordiale.com\/wp-content\/uploads\/2011\/03\/Louise_Studio_Hi-Res_351-scaled.jpg?fit=857%2C1200&ssl=1&resize=700%2C400 2x"},"classes":[]},{"id":138,"url":"https:\/\/www.musique-cordiale.com\/opera\/","url_meta":{"origin":14980,"position":5},"title":"Opera &#038; Ensembles","author":"Webmaster","date":"02\/01\/2013","format":false,"excerpt":"Between 6 and 17 August, there is to be a full and diverse programme of 17 concerts during the 2013 festival. The expanded \u00a0Academy for young and talented music students will take place for a week from 3-10 August and the orchestra & La Nuova Musica, our ensemble in residence\u2026","rel":"","context":"Dans &quot;Press&quot;","block_context":{"text":"Press","link":"https:\/\/www.musique-cordiale.com\/category\/press\/"},"img":{"alt_text":"","src":"","width":0,"height":0},"classes":[]}],"jetpack_shortlink":"https:\/\/wp.me\/paEPkm-3TC","_links":{"self":[{"href":"https:\/\/www.musique-cordiale.com\/fr\/wp-json\/wp\/v2\/posts\/14980","targetHints":{"allow":["GET"]}}],"collection":[{"href":"https:\/\/www.musique-cordiale.com\/fr\/wp-json\/wp\/v2\/posts"}],"about":[{"href":"https:\/\/www.musique-cordiale.com\/fr\/wp-json\/wp\/v2\/types\/post"}],"author":[{"embeddable":true,"href":"https:\/\/www.musique-cordiale.com\/fr\/wp-json\/wp\/v2\/users\/3"}],"replies":[{"embeddable":true,"href":"https:\/\/www.musique-cordiale.com\/fr\/wp-json\/wp\/v2\/comments?post=14980"}],"version-history":[{"count":0,"href":"https:\/\/www.musique-cordiale.com\/fr\/wp-json\/wp\/v2\/posts\/14980\/revisions"}],"wp:attachment":[{"href":"https:\/\/www.musique-cordiale.com\/fr\/wp-json\/wp\/v2\/media?parent=14980"}],"wp:term":[{"taxonomy":"category","embeddable":true,"href":"https:\/\/www.musique-cordiale.com\/fr\/wp-json\/wp\/v2\/categories?post=14980"},{"taxonomy":"post_tag","embeddable":true,"href":"https:\/\/www.musique-cordiale.com\/fr\/wp-json\/wp\/v2\/tags?post=14980"}],"curies":[{"name":"wp","href":"https:\/\/api.w.org\/{rel}","templated":true}]}}