{"id":14984,"date":"2013-07-29T19:19:03","date_gmt":"2013-07-29T19:19:03","guid":{"rendered":"http:\/\/dev3.musique-cordiale.com\/general\/2013-informations-biographiques\/"},"modified":"2013-07-29T19:19:03","modified_gmt":"2013-07-29T19:19:03","slug":"2013-informations-biographiques","status":"publish","type":"post","link":"https:\/\/www.musique-cordiale.com\/fr\/2013-informations-biographiques\/","title":{"rendered":"2013 Informations Biographiques"},"content":{"rendered":"<p>Nous sommes heureux que le <strong>directeur musical<\/strong> de 2013 est <a title=\"Graham Ross\" href=\"http:\/\/www.clare.cam.ac.uk\/About-the-Director\/\" target=\"_blank\"><strong>Graham Ross<\/strong><\/a> et nous sommes ravis que l\u2019<strong>ensemble en r\u00e9sidence<\/strong> est \u00e0 <a title=\"La Nuova Musica\" href=\"http:\/\/lanuovamusica.co.uk\/\" target=\"_blank\"><strong>La Nuova Musica<\/strong><\/a>, r\u00e9alis\u00e9 par <a title=\"David Bates\" href=\"http:\/\/lanuovamusica.co.uk\/about-us\/\" target=\"_blank\"><strong>David Bate<\/strong>s<\/a>. Graham et David ont men\u00e9 \u00e0 Musique Cordiale pendant les f\u00eates pass\u00e9es. Plus d\u2019informations \u00e0 leur sujet et au sujet de nos solistes et les musiciens de premier plan seront publi\u00e9s ici bient\u00f4t.<\/p>\n<p>Apr\u00e8s chacun d\u2019eux dirig\u00e9 pendant plusieurs ann\u00e9es, Tom Seligman et Errol Girdlestone, notre \u00abconducteurs \u00e9m\u00e9rites\u00bb, sera, nous l\u2019esp\u00e9rons, \u00eatre en mesure de retourner dans les festivals \u00e0 venir de mener des travaux qui exposent leurs talents sp\u00e9cialement \u00e9tablies et rappeler \u00e0 nos auditoires et des chanteurs de leur appr\u00e9ciation durable .<\/p>\n","protected":false},"excerpt":{"rendered":"<p>Nous sommes heureux que le directeur musical de 2013 est Graham Ross et nous sommes ravis que l\u2019ensemble en r\u00e9sidence est \u00e0 La Nuova Musica, r\u00e9alis\u00e9 par David Bates. Graham et David ont men\u00e9 \u00e0 Musique Cordiale pendant les f\u00eates pass\u00e9es. Plus d\u2019informations \u00e0 leur sujet et au sujet de nos solistes et les musiciens [&hellip;]<\/p>\n","protected":false},"author":4,"featured_media":0,"comment_status":"closed","ping_status":"open","sticky":false,"template":"","format":"standard","meta":{"_acf_changed":false,"_monsterinsights_skip_tracking":false,"_monsterinsights_sitenote_active":false,"_monsterinsights_sitenote_note":"","_monsterinsights_sitenote_category":0,"_uf_show_specific_survey":0,"_uf_disable_surveys":false,"advanced_seo_description":"","jetpack_seo_html_title":"","jetpack_seo_noindex":false,"_jetpack_memberships_contains_paid_content":false,"footnotes":""},"categories":[],"tags":[],"class_list":["post-14984","post","type-post","status-publish","format-standard","hentry"],"acf":[],"jetpack_featured_media_url":"","jetpack_sharing_enabled":true,"jetpack-related-posts":[{"id":14991,"url":"https:\/\/www.musique-cordiale.com\/fr\/merci-remerciements\/","url_meta":{"origin":14984,"position":0},"title":"Merci &#038; remerciements","author":"Webmaster","date":"22\/01\/2014","format":false,"excerpt":"C\u2019est \u00e0 tous ceux et celles qui ont contribu\u00e9 \u00e0 rendre possibles le festival Musique Cordiale 2014 et son Acad\u00e9mie que va notre reconnaissance. Cette aide \u00e0 pris les formes les plus diverses\u00a0: certains ont donn\u00e9 de leur temps ou de l\u2019\u00e9nergie, d\u2019autres nous ont donn\u00e9 de pr\u00e9cieux conseils, il\u2026","rel":"","context":"Article similaire","block_context":{"text":"Article similaire","link":""},"img":{"alt_text":"musique-cordiale-logo","src":"https:\/\/i0.wp.com\/www.musique-cordiale.com\/wp-content\/uploads\/2011\/03\/musique-cordiale-logo.gif?resize=350%2C200","width":350,"height":200},"classes":[]},{"id":14960,"url":"https:\/\/www.musique-cordiale.com\/fr\/opera-ensembles\/","url_meta":{"origin":14984,"position":1},"title":"Opera &#038; Ensembles","author":"Webmaster","date":"02\/01\/2013","format":false,"excerpt":"Entre le 6 et le 17 Ao\u00fbt, 17 concerts de genres tr\u00e8s divers seront offerts au public dans le cadre du festival 2013. L\u2019Acad\u00e9mie pour jeunes et talentueux \u00e9tudiants en musique aura lieu pendant une semaine 3-10 Ao\u00fbt\u00a0et l'orchestre & La Nuova Musica, notre ensemble en r\u00e9sidence pour l'ann\u00e9e 2013,\u2026","rel":"","context":"Article similaire","block_context":{"text":"Article similaire","link":""},"img":{"alt_text":"2013 Festival","src":"https:\/\/i0.wp.com\/www.musique-cordiale.com\/wp-content\/uploads\/2013\/01\/M-C-Verde-2013-POSTER-300x212.jpg?resize=350%2C200","width":350,"height":200},"classes":[]},{"id":33848,"url":"https:\/\/www.musique-cordiale.com\/fr\/cancellation-of-the-2020-festival\/","url_meta":{"origin":14984,"position":2},"title":"Annulation du Festival 2020","author":"Jonathan Barker","date":"23\/05\/2020","format":false,"excerpt":"\u00a0 click here to see May 2020 UPDATE\u00a0 - en anglais -\u00a0see public announcement in English\u00a0 \u00a0 \u00a0 \u00a0 \u00a0 \u00a0 \u00a0 \u00a0 \u00a0 \u00a0 \u00a0 \u00a0 Pour t\u00e9l\u00e9charger ce message en fran\u00e7ais au format PDF, cliquez ICI VERSION FRAN\u00c7AIS: MISE \u00c0 JOUR 29 Mai 2020 Tout \u00e9tait organis\u00e9 et\u2026","rel":"","context":"Dans &quot;Non classifi\u00e9(e)&quot;","block_context":{"text":"Non classifi\u00e9(e)","link":"https:\/\/www.musique-cordiale.com\/fr\/category\/non-classifiee\/"},"img":{"alt_text":"","src":"https:\/\/i0.wp.com\/www.musique-cordiale.com\/wp-content\/uploads\/2020\/02\/49516519892_afdd7f5fd6_o-scaled.jpg?fit=1200%2C583&ssl=1&resize=350%2C200","width":350,"height":200,"srcset":"https:\/\/i0.wp.com\/www.musique-cordiale.com\/wp-content\/uploads\/2020\/02\/49516519892_afdd7f5fd6_o-scaled.jpg?fit=1200%2C583&ssl=1&resize=350%2C200 1x, https:\/\/i0.wp.com\/www.musique-cordiale.com\/wp-content\/uploads\/2020\/02\/49516519892_afdd7f5fd6_o-scaled.jpg?fit=1200%2C583&ssl=1&resize=525%2C300 1.5x, https:\/\/i0.wp.com\/www.musique-cordiale.com\/wp-content\/uploads\/2020\/02\/49516519892_afdd7f5fd6_o-scaled.jpg?fit=1200%2C583&ssl=1&resize=700%2C400 2x, https:\/\/i0.wp.com\/www.musique-cordiale.com\/wp-content\/uploads\/2020\/02\/49516519892_afdd7f5fd6_o-scaled.jpg?fit=1200%2C583&ssl=1&resize=1050%2C600 3x"},"classes":[]},{"id":41416,"url":"https:\/\/www.musique-cordiale.com\/fr\/retour-en-france-2023-2\/","url_meta":{"origin":14984,"position":3},"title":"Retour en France 2023","author":"Jonathan Barker","date":"25\/06\/2023","format":false,"excerpt":"Il est temps de r\u00e9introduire \"Musique Cordiale\" aupr\u00e8s de nos fid\u00e8les supporters proven\u00e7aux. Nous sommes pr\u00eats \u00e0 accueillir \u00e0 nouveau notre public fran\u00e7ais et europ\u00e9en spectateurs et \u00e0 inviter de nouveaux appr\u00e9ciateur de musique de haut calibre, qu'ils soient des visiteurs saisonniers ou des r\u00e9sidents locaux du coin pittoresque du\u2026","rel":"","context":"Dans &quot;G\u00e9n\u00e9ral&quot;","block_context":{"text":"G\u00e9n\u00e9ral","link":"https:\/\/www.musique-cordiale.com\/fr\/category\/general-fr\/"},"img":{"alt_text":"","src":"https:\/\/i0.wp.com\/www.musique-cordiale.com\/wp-content\/uploads\/2023\/06\/MC-no-year-header.png?resize=350%2C200&ssl=1","width":350,"height":200,"srcset":"https:\/\/i0.wp.com\/www.musique-cordiale.com\/wp-content\/uploads\/2023\/06\/MC-no-year-header.png?resize=350%2C200&ssl=1 1x, https:\/\/i0.wp.com\/www.musique-cordiale.com\/wp-content\/uploads\/2023\/06\/MC-no-year-header.png?resize=525%2C300&ssl=1 1.5x, https:\/\/i0.wp.com\/www.musique-cordiale.com\/wp-content\/uploads\/2023\/06\/MC-no-year-header.png?resize=700%2C400&ssl=1 2x, https:\/\/i0.wp.com\/www.musique-cordiale.com\/wp-content\/uploads\/2023\/06\/MC-no-year-header.png?resize=1050%2C600&ssl=1 3x"},"classes":[]},{"id":14980,"url":"https:\/\/www.musique-cordiale.com\/fr\/presse-11-juillet-2103\/","url_meta":{"origin":14984,"position":4},"title":"Presse, 11 juillet 2103","author":"Jonathan Barker","date":"11\/07\/2013","format":false,"excerpt":"PRESSE: 11 juillet 2013 \u00a0 \u00a0 \u00a0 \u00a0 \u00a0 \u00a09\u00e8me Festival International de Seillans MUSIQUE CORDIALE Du 6 au 17 ao\u00fbt 2013 Seillans - Mons - Correns - Claviers - St Rapha\u00ebl - Bargemon - Callian - Bagnols-en-For\u00eat www.musique-cordiale.com LA NUOVA MUSICA \u2022 DAVID BATES \u2022 GRAHAM ROSS \u2022 KLAZZ\u2026","rel":"","context":"Article similaire","block_context":{"text":"Article similaire","link":""},"img":{"alt_text":"Affiche - 2013 Festival: http:\/\/www.musique-cordiale.com\/programme\/","src":"https:\/\/i0.wp.com\/www.musique-cordiale.com\/wp-content\/uploads\/2013\/05\/MC2013_A4Poster2-Copy-2-214x300.jpg?resize=350%2C200","width":350,"height":200},"classes":[]},{"id":2601,"url":"https:\/\/www.musique-cordiale.com\/press-release-11-july-2013-francais\/","url_meta":{"origin":14984,"position":5},"title":"Press release 11 July 2013 (francais)","author":"Jonathan Barker","date":"11\/07\/2013","format":false,"excerpt":"PRESS: 11 juillet 2013: \u00a0 \u00a0 \u00a0 \u00a0 \u00a0 \u00a0 \u00a0 \u00a09\u00e8me Festival International de Seillans MUSIQUE CORDIALE Du 6 au 17 ao\u00fbt 2013 Seillans - Mons - Correns - Claviers - St Rapha\u00ebl - Bargemon - Callian - Bagnols-en-For\u00eat www.musique-cordiale.com LA NUOVA MUSICA \u2022 DAVID BATES \u2022 GRAHAM ROSS\u2026","rel":"","context":"Dans &quot;Press&quot;","block_context":{"text":"Press","link":"https:\/\/www.musique-cordiale.com\/category\/press\/"},"img":{"alt_text":"Musique Cordiale - Affiche - 2013 Festival","src":"https:\/\/i0.wp.com\/www.musique-cordiale.com\/wp-content\/uploads\/2013\/05\/MC2013_A4Poster2-Copy-2.jpg?fit=857%2C1200&ssl=1&resize=350%2C200","width":350,"height":200,"srcset":"https:\/\/i0.wp.com\/www.musique-cordiale.com\/wp-content\/uploads\/2013\/05\/MC2013_A4Poster2-Copy-2.jpg?fit=857%2C1200&ssl=1&resize=350%2C200 1x, https:\/\/i0.wp.com\/www.musique-cordiale.com\/wp-content\/uploads\/2013\/05\/MC2013_A4Poster2-Copy-2.jpg?fit=857%2C1200&ssl=1&resize=525%2C300 1.5x, https:\/\/i0.wp.com\/www.musique-cordiale.com\/wp-content\/uploads\/2013\/05\/MC2013_A4Poster2-Copy-2.jpg?fit=857%2C1200&ssl=1&resize=700%2C400 2x"},"classes":[]}],"jetpack_shortlink":"https:\/\/wp.me\/paEPkm-3TG","_links":{"self":[{"href":"https:\/\/www.musique-cordiale.com\/fr\/wp-json\/wp\/v2\/posts\/14984","targetHints":{"allow":["GET"]}}],"collection":[{"href":"https:\/\/www.musique-cordiale.com\/fr\/wp-json\/wp\/v2\/posts"}],"about":[{"href":"https:\/\/www.musique-cordiale.com\/fr\/wp-json\/wp\/v2\/types\/post"}],"author":[{"embeddable":true,"href":"https:\/\/www.musique-cordiale.com\/fr\/wp-json\/wp\/v2\/users\/4"}],"replies":[{"embeddable":true,"href":"https:\/\/www.musique-cordiale.com\/fr\/wp-json\/wp\/v2\/comments?post=14984"}],"version-history":[{"count":0,"href":"https:\/\/www.musique-cordiale.com\/fr\/wp-json\/wp\/v2\/posts\/14984\/revisions"}],"wp:attachment":[{"href":"https:\/\/www.musique-cordiale.com\/fr\/wp-json\/wp\/v2\/media?parent=14984"}],"wp:term":[{"taxonomy":"category","embeddable":true,"href":"https:\/\/www.musique-cordiale.com\/fr\/wp-json\/wp\/v2\/categories?post=14984"},{"taxonomy":"post_tag","embeddable":true,"href":"https:\/\/www.musique-cordiale.com\/fr\/wp-json\/wp\/v2\/tags?post=14984"}],"curies":[{"name":"wp","href":"https:\/\/api.w.org\/{rel}","templated":true}]}}