{"id":14986,"date":"2013-08-10T10:19:56","date_gmt":"2013-08-10T10:19:56","guid":{"rendered":"http:\/\/dev3.musique-cordiale.com\/press\/classic-meets-jazz\/"},"modified":"2013-08-10T10:19:56","modified_gmt":"2013-08-10T10:19:56","slug":"classic-meets-jazz","status":"publish","type":"post","link":"https:\/\/www.musique-cordiale.com\/fr\/classic-meets-jazz\/","title":{"rendered":"Classic meets Jazz"},"content":{"rendered":"<p>This is a rare gem: the kind of jazz concert that classical music-lovers LOVE! And so do jazz-lovers! Don&rsquo;y miss it! and all part of the 2013 Musique-Cordiale festival! Maria Markesini from Greece + Klazz Brothers from Dresden. 21h, en pleine aire, Place de Valat, SEILLANS, Var, Provence!<\/p>\n<p><\/p>\n","protected":false},"excerpt":{"rendered":"<p>This is a rare gem: the kind of jazz concert that classical music-lovers LOVE! And so do jazz-lovers! Don&rsquo;y miss it! and all part of the 2013 Musique-Cordiale festival! Maria Markesini from Greece + Klazz Brothers from Dresden. 21h, en pleine aire, Place de Valat, SEILLANS, Var, Provence!<\/p>\n","protected":false},"author":3,"featured_media":0,"comment_status":"open","ping_status":"open","sticky":false,"template":"","format":"standard","meta":{"_acf_changed":false,"_monsterinsights_skip_tracking":false,"_monsterinsights_sitenote_active":false,"_monsterinsights_sitenote_note":"","_monsterinsights_sitenote_category":0,"_uf_show_specific_survey":0,"_uf_disable_surveys":false,"advanced_seo_description":"","jetpack_seo_html_title":"","jetpack_seo_noindex":false,"_jetpack_memberships_contains_paid_content":false,"footnotes":""},"categories":[],"tags":[],"class_list":["post-14986","post","type-post","status-publish","format-standard","hentry"],"acf":[],"jetpack_featured_media_url":"","jetpack_sharing_enabled":true,"jetpack-related-posts":[{"id":2911,"url":"https:\/\/www.musique-cordiale.com\/classic-meets-jazz-2\/","url_meta":{"origin":14986,"position":0},"title":"Classic meets Jazz","author":"Jonathan Barker","date":"10\/08\/2013","format":false,"excerpt":"This is a rare gem: the kind of jazz concert that classical music-lovers LOVE! And so do jazz-lovers! Don'y miss it! and all part of the 2013 Musique-Cordiale festival! Maria Markesini from Greece + Klazz Brothers from Dresden. 21h, en pleine aire, Place de Valat, SEILLANS, Var, Provence!","rel":"","context":"Dans &quot;Press&quot;","block_context":{"text":"Press","link":"https:\/\/www.musique-cordiale.com\/category\/press\/"},"img":{"alt_text":"","src":"","width":0,"height":0},"classes":[]},{"id":140,"url":"https:\/\/www.musique-cordiale.com\/jazz\/","url_meta":{"origin":14986,"position":1},"title":"Classic meets Jazz","author":"Webmaster","date":"29\/03\/2012","format":false,"excerpt":"2013: KLAZZ Brothers Classic meets Jazz -\u00a0rencontre Classique et Jazz\u00a0 + Michel Tirabosco - Music with a difference\u00a0 2013 information here soon:\u00a0 Musique Cordiale Festival jazz concerts this year\u00a0in Seillans & St Raphael\u00a0 \u00a0 \u00a0 _______________________________________ The jazz concert at Musique Cordiale 2012 consisted of a piano trio who came\u2026","rel":"","context":"Dans &quot;Press&quot;","block_context":{"text":"Press","link":"https:\/\/www.musique-cordiale.com\/category\/press\/"},"img":{"alt_text":"Lousie Golbey","src":"https:\/\/i0.wp.com\/www.musique-cordiale.com\/wp-content\/uploads\/2011\/03\/Louise_Studio_Hi-Res_351-scaled.jpg?fit=857%2C1200&ssl=1&resize=350%2C200","width":350,"height":200,"srcset":"https:\/\/i0.wp.com\/www.musique-cordiale.com\/wp-content\/uploads\/2011\/03\/Louise_Studio_Hi-Res_351-scaled.jpg?fit=857%2C1200&ssl=1&resize=350%2C200 1x, https:\/\/i0.wp.com\/www.musique-cordiale.com\/wp-content\/uploads\/2011\/03\/Louise_Studio_Hi-Res_351-scaled.jpg?fit=857%2C1200&ssl=1&resize=525%2C300 1.5x, https:\/\/i0.wp.com\/www.musique-cordiale.com\/wp-content\/uploads\/2011\/03\/Louise_Studio_Hi-Res_351-scaled.jpg?fit=857%2C1200&ssl=1&resize=700%2C400 2x"},"classes":[]},{"id":14954,"url":"https:\/\/www.musique-cordiale.com\/fr\/classique-et-jazz\/","url_meta":{"origin":14986,"position":2},"title":"Classique et Jazz","author":"Webmaster","date":"29\/03\/2012","format":false,"excerpt":"\u00a0 2013: KLAZZ Brothers Classic meets Jazz -\u00a0rencontre Classique et Jazz\u00a0 + Michel Tirabosco - Music with a difference\u00a0 2013 information ici bientot concerts de jazz du Festival Musique Cordiale cette annee\u00a0a Seillans et St Raphael\u00a0 \u00a0 \u00a0 ___________________________________________________________ Un trio etait form\u00e9 pour le concert de jazz de Musique\u2026","rel":"","context":"Article similaire","block_context":{"text":"Article similaire","link":""},"img":{"alt_text":"Samuel Rohrer","src":"https:\/\/i0.wp.com\/www.musique-cordiale.com\/wp-content\/uploads\/2011\/03\/SAMUEL-PHOTO_93-300x204.jpg?resize=350%2C200","width":350,"height":200},"classes":[]},{"id":138,"url":"https:\/\/www.musique-cordiale.com\/opera\/","url_meta":{"origin":14986,"position":3},"title":"Opera &#038; Ensembles","author":"Webmaster","date":"02\/01\/2013","format":false,"excerpt":"Between 6 and 17 August, there is to be a full and diverse programme of 17 concerts during the 2013 festival. The expanded \u00a0Academy for young and talented music students will take place for a week from 3-10 August and the orchestra & La Nuova Musica, our ensemble in residence\u2026","rel":"","context":"Dans &quot;Press&quot;","block_context":{"text":"Press","link":"https:\/\/www.musique-cordiale.com\/category\/press\/"},"img":{"alt_text":"","src":"","width":0,"height":0},"classes":[]},{"id":14960,"url":"https:\/\/www.musique-cordiale.com\/fr\/opera-ensembles\/","url_meta":{"origin":14986,"position":4},"title":"Opera &#038; Ensembles","author":"Webmaster","date":"02\/01\/2013","format":false,"excerpt":"Entre le 6 et le 17 Ao\u00fbt, 17 concerts de genres tr\u00e8s divers seront offerts au public dans le cadre du festival 2013. L\u2019Acad\u00e9mie pour jeunes et talentueux \u00e9tudiants en musique aura lieu pendant une semaine 3-10 Ao\u00fbt\u00a0et l'orchestre & La Nuova Musica, notre ensemble en r\u00e9sidence pour l'ann\u00e9e 2013,\u2026","rel":"","context":"Article similaire","block_context":{"text":"Article similaire","link":""},"img":{"alt_text":"2013 Festival","src":"https:\/\/i0.wp.com\/www.musique-cordiale.com\/wp-content\/uploads\/2013\/01\/M-C-Verde-2013-POSTER-300x212.jpg?resize=350%2C200","width":350,"height":200},"classes":[]},{"id":171,"url":"https:\/\/www.musique-cordiale.com\/press-release-january-2011\/","url_meta":{"origin":14986,"position":5},"title":"Press Release January 2011","author":"Webmaster","date":"30\/01\/2011","format":false,"excerpt":"A TRULY EUROPEAN MUSIC FESTIVAL 3 \u2013 13 August 2011 Named as one of the top ten European music festivals in 2010, Musique Cordiale is celebrating its seventh year with a programme more varied and exciting than ever.\u00a0 This year the festival has a distinctly French flavour, held in Seillans,\u2026","rel":"","context":"Dans &quot;Press&quot;","block_context":{"text":"Press","link":"https:\/\/www.musique-cordiale.com\/category\/press\/"},"img":{"alt_text":"","src":"","width":0,"height":0},"classes":[]}],"jetpack_shortlink":"https:\/\/wp.me\/paEPkm-3TI","_links":{"self":[{"href":"https:\/\/www.musique-cordiale.com\/fr\/wp-json\/wp\/v2\/posts\/14986","targetHints":{"allow":["GET"]}}],"collection":[{"href":"https:\/\/www.musique-cordiale.com\/fr\/wp-json\/wp\/v2\/posts"}],"about":[{"href":"https:\/\/www.musique-cordiale.com\/fr\/wp-json\/wp\/v2\/types\/post"}],"author":[{"embeddable":true,"href":"https:\/\/www.musique-cordiale.com\/fr\/wp-json\/wp\/v2\/users\/3"}],"replies":[{"embeddable":true,"href":"https:\/\/www.musique-cordiale.com\/fr\/wp-json\/wp\/v2\/comments?post=14986"}],"version-history":[{"count":0,"href":"https:\/\/www.musique-cordiale.com\/fr\/wp-json\/wp\/v2\/posts\/14986\/revisions"}],"wp:attachment":[{"href":"https:\/\/www.musique-cordiale.com\/fr\/wp-json\/wp\/v2\/media?parent=14986"}],"wp:term":[{"taxonomy":"category","embeddable":true,"href":"https:\/\/www.musique-cordiale.com\/fr\/wp-json\/wp\/v2\/categories?post=14986"},{"taxonomy":"post_tag","embeddable":true,"href":"https:\/\/www.musique-cordiale.com\/fr\/wp-json\/wp\/v2\/tags?post=14986"}],"curies":[{"name":"wp","href":"https:\/\/api.w.org\/{rel}","templated":true}]}}