{"id":14999,"date":"2015-05-16T11:04:11","date_gmt":"2015-05-16T11:04:11","guid":{"rendered":"http:\/\/dev3.musique-cordiale.com\/press\/critiques\/"},"modified":"2015-05-16T11:04:11","modified_gmt":"2015-05-16T11:04:11","slug":"critiques","status":"publish","type":"post","link":"https:\/\/www.musique-cordiale.com\/fr\/critiques\/","title":{"rendered":"Critiques"},"content":{"rendered":"<p><span class=\"home-making\">Critiques<\/span><\/p>\n<p><span class=\"home-page-medium\">Var Matin, Ao\u00fbt 2016, Christian Godet<\/span><br \/>\n<span class=\"home-page-small\">\u00ab On savait que le niveau de cette \u00e9dition serait exceptionnel : ces deux incroyables voix [Dima Bawab &#038; Pauline Sikirdji]&#8230;en ont apport\u00e9 la preuve \u00bb<\/span><br \/>\n<span class=\"home-page-small\">\u00ab Un public de connaisseurs, m\u00e9lomanes, amateurs et curieux de tous \u00e2ges, a fortement appr\u00e9ci\u00e9 et longuement applaudi, comme il se doit les \u0153uvres de Gounod, Mozart, Bizet, Rossini&#8230;interpr\u00e9t\u00e9es magistralement&#8230;par ces jeunes chanteurs d\u00e9j\u00e0 au sommet de leur art qu&rsquo;ils ont \u00e9tudi\u00e9 dans les plus grands conservatoires de musique mondiaux. \u00bb<\/span><br \/>\n<span class=\"home-page-small\">\u00ab Sous la direction de Graham Ross, le ch\u0153ur, l&rsquo;orchestre et les solistes de Musique Cordiale ont donn\u00e9 une interpr\u00e9tation digne des plus grandes sc\u00e8nes d&rsquo;op\u00e9ra&#8230;Les quelques 300 personnes pr\u00e9sentes leur ont r\u00e9serv\u00e9 une standing ovation. \u00bb<\/span><br \/>\n<span class=\"home-page-small\"> \u00ab 14 jours de pur bonheur musical. \u00bb<\/span><\/p>\n<hr>\n<p><span class=\"home-page-medium\">Classical Music Magazine, September 2015, Michael White<\/span><br \/>\n<span class=\"home-page-small\">Think Dartingdon with better weather, and you\u2019ll get an idea; but the difference is that it\u2019s incredibly relaxed. The August heat, the picture-book locations (everything takes place in huddled hill-towns west of Nice), the ros\u00e9, mean the usual formalities of concert-giving barely figure.<\/span><\/p>\n<hr>\n<p><span class=\"home-page-medium\">Catholic Herald, Michael White<\/span><br \/>\n<span class=\"home-page-small\">passionately spirited performances, packed houses and the culture of extended friendship that the name suggests<\/span><\/p>\n<p><span class=\"home-page-small\">On Claviers: the concerts, which have minimal formality&#8230; but a habit of delivering miracles. A good example last week was a pair of countertenors singing Purcell side by side in one of those neglected churches that you get in France&#8230;One countertenor was James Hall, a voice of velvet power that had projection but with easy, almost laid-back charm and purity of town. The other was a a fascinating curiosity: a 16-year-old Swiss boy, Constantin Emanuel Zimmemann, who ought to be too young to be the voice he is and was apparently still singing treble just a month ago. He was an outstanding treble, who recorded with Ton Koopman. And he seems to have emerged like Venus, fully formed (or very nearly)&#8230;there&rsquo;s no doubting his musicianship, which is precocious. We&rsquo;ll be hearing more of him, I&rsquo;m sure.<\/span><\/p>\n<p><span class=\"home-page-small\">Tosca: <em>the location was magical, the orchestra heroic and the Scarpia magnificently sung by Adam Green&#8230;.an achievement<\/span><\/p>\n<p><a style=\"color: #000000;\" href=\"http:\/\/www.musique-cordiale.com\/wp-content\/uploads\/2015\/09\/MC2015-Review-Michael-White.jpg\"><span class=\"home-page-small\">Read the full article<\/a><\/span><\/p>\n<hr>\n<p><span class=\"home-page-medium\">France 3, Dominique Langard<\/span><br \/>\n<span class=\"home-page-small\">Le festival qui a mis\u00e9 d\u00e8s le d\u00e9part sur l\u2019exigence, ne se refuse aucune possibilit\u00e9 d\u2019exploration. \u00ab\u00a0C\u2019est une r\u00e9union de musiciens professionnels qui acceptent de passer deux semaines dans cette r\u00e9gion de France d\u2019une beaut\u00e9 inou\u00efe\u00a0\u00bb explique Pippa Pawlik, directeur artistique du festival.<\/span><\/p>\n<p><a style=\"color: #000000;\" href=\"http:\/\/culturebox.francetvinfo.fr\/musique-classique\/la-creation-de-haydn-au-festival-musique-cordiale-de-montauroux-225829\"><span class=\"home-page-small> Read the full article <\/a><\/span><\/p>\n<hr>\n<p><span class=\"home-page-medium\"> Var Matin<\/span><br \/>\n<span class=\"home-page-small\"> Ensemble Bella Terra, Seillans: Le coup d&rsquo;envoi du 11e festival international de Musique Cordiale a \u00e9t\u00e9 donn\u00e9 samedi \u00e0 la salle polyvalente du village dans laquelle les m\u00e9lomanes s&rsquo;\u00e9taient r\u00e9fugi\u00e9s \u00e0 cause des caprices du temps. C&rsquo;est l&rsquo;ensemble \u00ab\u00a0Bella Terra\u00a0\u00bb avec les musiques tziganes et terres du sud qui a enchant\u00e9 un nombreux public de connaisseurs.<\/span><\/p>\n<p><span class=\"home-page-small\"> Tosca \u00e0 Seillans: C&rsquo;est un public plus que conquis qui a salu\u00e9 comme il se doit ces artistes brillants dont les voix resteront longtemps \u00e0 raisonner dans leurs t\u00eates.<\/span><br \/>\n<a style=\"color: #000000;\" href=\"http:\/\/www.musique-cordiale.com\/wp-content\/uploads\/2015\/09\/21-aou--t.pdf\"><span class=\"home-page-small\"> Read the full article<\/a><\/span><\/p>\n<hr>\n<p><span class=\"home-page-medium\"> Irish Times &#8211; Ten Wonderful Music Holidays<br \/>\n<span class=\"home-page-small\"> A series of stunning Proven\u00e7ale hilltop towns play host to this wonderful festival that is celebrating its 11th year in 2015. Seillance, the Pays de Fayence and neighbouring towns of the Var host more than 20 concerts of choral and orchestral work, chamber ensembles, recitals, opera and even some jazz.<\/span><br \/>\n<span class=\"home-page-small\">The atmosphere is informal and incredibly friendly; the music is top-notch.<\/span><\/p>\n<p><span style=\"color: #000000;\">http:\/\/www.irishtimes.com\/life-and-style\/travel\/holidays-2015\/ten-wonderful-music-holidays-1.2041265<\/span><\/p>\n<hr>\n<p><span class=\"home-page-medium\">Last Minute Musicians, Adam Bennett 2014<\/span><br \/>\n<span class=\"home-page-small\">Few festivals and organisations allow for both amateur and professional musicians across a broad selection of countries to rehearse and perform together, especially not in\u00a0<a style=\"color: #000000;\" href=\"http:\/\/travelogged.com\/2013\/08\/16\/seillans-france\/\" rel=\"nofollow\"><span class=\"s2\">France\u2019s most beautiful village<\/span><\/a>. M<\/span>usique Cordiale, a 2 week music festival does exactly this.\u00a0<\/span><\/p>\n<p class=\"p1\"><span style=\"color: #000000;\"><a style=\"color: #000000;\" href=\"http:\/\/www.lastminutemusicians.com\/blog\/?p=768\">http:\/\/www.lastminutemusicians.com\/blog\/?p=768<\/a><\/span><em><span style=\"color: #000000;\"><strong><a style=\"color: #000000;\" href=\"http:\/\/www.lastminutemusicians.com\/blog\/?p=768\"><br \/>\n<\/a><\/strong><\/p>\n<hr>\n<p><span class=\"home-page-medium\">European Festivals Guide 2012, The Arts Desk, Ismene Brown<\/span><br \/>\n<span class=\"home-page-small\">A fortnight\u2019s fresh, unpretentious and sociable music-making in a village near Nice between student professionals, established names and good amateurs.<\/span><\/p>\n<hr>\n<p><span class=\"home-page-medium\">Opera Now, Michael White<\/span><br \/>\n<a style=\"color: #000000;\" href=\"http:\/\/www.musique-cordiale.com\/wp-content\/uploads\/2014\/11\/Opera-Now-Michael-White-November-2014.pdf\" target=\"_blank\">OUTDOOR PURSUITS &#8211; (Squillo, Main Stage) <\/a><\/span><\/p>\n<p><span class=\"home-page-small\">a sharp, smart Barber of Seville directed by the multi-talented John Savournin&#8230;.It was spunkily conducted too by the unflappable Mark Austin<\/span><\/p>\n<hr>\n<p><span class=\"home-page-medium\">Telegraph, Michael White<\/span><a style=\"color: #000000;\" href=\"http:\/\/blogs.telegraph.co.uk\/culture\/michaelwhite\/100075959\/how-professionals-and-amateurs-find-common-ground-and-make-sweet-music-in-the-south-of-france\/\"><\/a><\/p>\n<p><span class=\"home-page-small\">How professionals and amateurs find common ground and make sweet music in the south of France <\/span><\/p>\n<p><span class=\"home-page-small\">But the lesson of an experience like Musique Cordiale is that there are other things in music-making that count for at least as much as perfection: qualities to do with effort and commitment and communication of a sense that what you\u2019re singing\/playing truly matters to you. And on those terms, this B Minor Mass was fabulous.<\/span><\/p>\n<p><span class=\"home-page-small\">I heard it twice, in different hill-town churches, played on both occasions to packed audiences that overflowed into the street outside. There was a real sense of occasion: far greater than when you go and hear a comparable concert at the Barbican or Southbank.<\/span><\/p>\n<hr>\n<p><span class=\"home-page-medium\">Res Musica Pierre-Jean Tribot<\/span><\/p>\n<p><span class=\"home-page-small\">L\u2019amiti\u00e9 franco-britannique se manifeste aussi dans la musique avec le festival Musique cordiale fond\u00e9 et anim\u00e9 par Pippa Pawlik, figure incontournable de la vie musicale europ\u00e9enne. Op\u00e9ra, musique chorale, concerto, musique de chambre mais aussi acad\u00e9mie pour jeunes musiciens, ce jeune festival, tr\u00e8s ambitieux, apporte une \u00e9nergie rafra\u00eechissante sur la sc\u00e8ne estivale fran\u00e7aise.<\/span><\/p>\n<p><a style=\"color: #000000;\" href=\"http:\/\/www.resmusica.com\/2011\/06\/20\/entente-cordiale-musique-cordiale\/\">Read the full article<\/a><\/span><\/p>\n<hr>\n<p><span class=\"home-page-medium\">Telegraph, Michael White<\/span><br \/>\nhttp:\/\/www.telegraph.co.uk\/travel\/festivalsandevents\/7770820\/Classical-music-festivals-2010-summer-guide.html<\/span><\/p>\n<p><span class=\"home-page-small\">Almost a miniature Dartington with better weather, Musique Cordiale is now in its sixth year. The concerts involve big choirs drawn from amateur singers from both sides of the Channel who do it as a music holiday, alongside rising young professionals who do it for experience. Everybody eats communally en plein air.<\/span><\/p>\n<p><span class=\"home-page-small\">The concerts, which get packed and emotional, run in Seillans, Mons, Bagnols and other characterful hill-towns of the region. This year there&rsquo;s Faur\u00e9&rsquo;s Requiem, Poulenc&rsquo;s Salve Regina, and a lot of baroque orchestral music. Plus a production of Mozart&rsquo;s Cos\u00ec fan tutte, under the stars in Seillans town square that, if it&rsquo;s anything like last year&rsquo;s Marriage of Figaro, will be pure magic.<\/span><\/p>\n","protected":false},"excerpt":{"rendered":"<p>Critiques Var Matin, Ao\u00fbt 2016, Christian Godet \u00ab On savait que le niveau de cette \u00e9dition serait exceptionnel : ces deux incroyables voix [Dima Bawab &#038; Pauline Sikirdji]&#8230;en ont apport\u00e9 la preuve \u00bb \u00ab Un public de connaisseurs, m\u00e9lomanes, amateurs et curieux de tous \u00e2ges, a fortement appr\u00e9ci\u00e9 et longuement applaudi, comme il se doit [&hellip;]<\/p>\n","protected":false},"author":4,"featured_media":0,"comment_status":"closed","ping_status":"open","sticky":false,"template":"","format":"standard","meta":{"_acf_changed":false,"_monsterinsights_skip_tracking":false,"_monsterinsights_sitenote_active":false,"_monsterinsights_sitenote_note":"","_monsterinsights_sitenote_category":0,"_uf_show_specific_survey":0,"_uf_disable_surveys":false,"advanced_seo_description":"","jetpack_seo_html_title":"","jetpack_seo_noindex":false,"_jetpack_memberships_contains_paid_content":false,"footnotes":""},"categories":[],"tags":[],"class_list":["post-14999","post","type-post","status-publish","format-standard","hentry"],"acf":[],"jetpack_featured_media_url":"","jetpack_sharing_enabled":true,"jetpack-related-posts":[{"id":14991,"url":"https:\/\/www.musique-cordiale.com\/fr\/merci-remerciements\/","url_meta":{"origin":14999,"position":0},"title":"Merci &#038; remerciements","author":"Webmaster","date":"22\/01\/2014","format":false,"excerpt":"C\u2019est \u00e0 tous ceux et celles qui ont contribu\u00e9 \u00e0 rendre possibles le festival Musique Cordiale 2014 et son Acad\u00e9mie que va notre reconnaissance. Cette aide \u00e0 pris les formes les plus diverses\u00a0: certains ont donn\u00e9 de leur temps ou de l\u2019\u00e9nergie, d\u2019autres nous ont donn\u00e9 de pr\u00e9cieux conseils, il\u2026","rel":"","context":"Article similaire","block_context":{"text":"Article similaire","link":""},"img":{"alt_text":"musique-cordiale-logo","src":"https:\/\/i0.wp.com\/www.musique-cordiale.com\/wp-content\/uploads\/2011\/03\/musique-cordiale-logo.gif?resize=350%2C200","width":350,"height":200},"classes":[]},{"id":6298,"url":"https:\/\/www.musique-cordiale.com\/michael-white-on-musique-cordiale\/","url_meta":{"origin":14999,"position":1},"title":"Reviews","author":"Webmaster","date":"16\/05\/2015","format":false,"excerpt":"Reviews Var Matin, Ao\u00fbt 2016, Christian Godet \u00ab On savait que le niveau de cette \u00e9dition serait exceptionnel : ces deux incroyables voix [Dima Bawab & Pauline Sikirdji]...en ont apport\u00e9 la preuve \u00bb \u00ab Un public de connaisseurs, m\u00e9lomanes, amateurs et curieux de tous \u00e2ges, a fortement appr\u00e9ci\u00e9 et longuement\u2026","rel":"","context":"Dans &quot;Press&quot;","block_context":{"text":"Press","link":"https:\/\/www.musique-cordiale.com\/category\/press\/"},"img":{"alt_text":"","src":"","width":0,"height":0},"classes":[]},{"id":33848,"url":"https:\/\/www.musique-cordiale.com\/fr\/cancellation-of-the-2020-festival\/","url_meta":{"origin":14999,"position":2},"title":"Annulation du Festival 2020","author":"Jonathan Barker","date":"23\/05\/2020","format":false,"excerpt":"\u00a0 click here to see May 2020 UPDATE\u00a0 - en anglais -\u00a0see public announcement in English\u00a0 \u00a0 \u00a0 \u00a0 \u00a0 \u00a0 \u00a0 \u00a0 \u00a0 \u00a0 \u00a0 \u00a0 Pour t\u00e9l\u00e9charger ce message en fran\u00e7ais au format PDF, cliquez ICI VERSION FRAN\u00c7AIS: MISE \u00c0 JOUR 29 Mai 2020 Tout \u00e9tait organis\u00e9 et\u2026","rel":"","context":"Dans &quot;Non classifi\u00e9(e)&quot;","block_context":{"text":"Non classifi\u00e9(e)","link":"https:\/\/www.musique-cordiale.com\/fr\/category\/non-classifiee\/"},"img":{"alt_text":"","src":"https:\/\/i0.wp.com\/www.musique-cordiale.com\/wp-content\/uploads\/2020\/02\/49516519892_afdd7f5fd6_o-scaled.jpg?fit=1200%2C583&ssl=1&resize=350%2C200","width":350,"height":200,"srcset":"https:\/\/i0.wp.com\/www.musique-cordiale.com\/wp-content\/uploads\/2020\/02\/49516519892_afdd7f5fd6_o-scaled.jpg?fit=1200%2C583&ssl=1&resize=350%2C200 1x, https:\/\/i0.wp.com\/www.musique-cordiale.com\/wp-content\/uploads\/2020\/02\/49516519892_afdd7f5fd6_o-scaled.jpg?fit=1200%2C583&ssl=1&resize=525%2C300 1.5x, https:\/\/i0.wp.com\/www.musique-cordiale.com\/wp-content\/uploads\/2020\/02\/49516519892_afdd7f5fd6_o-scaled.jpg?fit=1200%2C583&ssl=1&resize=700%2C400 2x, https:\/\/i0.wp.com\/www.musique-cordiale.com\/wp-content\/uploads\/2020\/02\/49516519892_afdd7f5fd6_o-scaled.jpg?fit=1200%2C583&ssl=1&resize=1050%2C600 3x"},"classes":[]},{"id":14978,"url":"https:\/\/www.musique-cordiale.com\/fr\/le-financement-cible-a-lannee-de-lancement-de-the-musique-cordiale-trust\/","url_meta":{"origin":14999,"position":3},"title":"Le financement cible \u00e0 l&rsquo;ann\u00e9e de lancement de \u00ab\u00a0The Musique-Cordiale Trust\u00a0\u00bb","author":"Jonathan Barker","date":"30\/06\/2013","format":false,"excerpt":"Nous lan\u00e7ons The Musique-Cordiale Trust \u00a0cette ann\u00e9e. \u00a0 Nos objectifs sont d'aider \u00e0 assurer l'avenir du festival et d'encourager plus de l'\u00e9ducation et le d\u00e9veloppement et l'\u00e9change de talents musicaux du genre que le Musique Cordiale Festival & Acad\u00e9mie\u00a0a favoris\u00e9 au cours de la derni\u00e8re d\u00e9cennie \u00e0 travers l'Europe international.\u2026","rel":"","context":"Article similaire","block_context":{"text":"Article similaire","link":""},"img":{"alt_text":"M-C color logo highQ","src":"https:\/\/i0.wp.com\/www.musique-cordiale.com\/wp-content\/uploads\/2011\/03\/M-C-color-logo-highQ-218x300.jpg?resize=350%2C200","width":350,"height":200},"classes":[]},{"id":14970,"url":"https:\/\/www.musique-cordiale.com\/fr\/musiciens-et-instruments\/","url_meta":{"origin":14999,"position":4},"title":"Musiciens et instruments","author":"Pippa","date":"24\/01\/2013","format":false,"excerpt":"VOTRE VOYAGE AU FESTIVAL: Il se fait tard pour r\u00e9server \u00e0 des prix abordables. Alors s'il vous pla\u00eet d\u00e9p\u00eachez-vous!\u00a0S'il vous pla\u00eet noter les changements du 2 Juillet 2013 au les r\u00e8gles relatives aux bagages Easyjet et plus particuli\u00e8rement exigences relatives \u00e0 Instruments de musique. Les r\u00e8gles de BA sont quelque\u2026","rel":"","context":"Article similaire","block_context":{"text":"Article similaire","link":""},"img":{"alt_text":"2013 Festival","src":"https:\/\/i0.wp.com\/www.musique-cordiale.com\/wp-content\/uploads\/2013\/01\/M-C-Verde-2013-POSTER-300x212.jpg?resize=350%2C200","width":350,"height":200},"classes":[]},{"id":47877,"url":"https:\/\/www.musique-cordiale.com\/fr\/actualite-musique-cordiale-janvier-2025\/","url_meta":{"origin":14999,"position":5},"title":"ACTUALIT\u00c9 Musique Cordiale","author":"Jonathan Barker","date":"06\/01\/2025","format":false,"excerpt":"La BILLETERIE DU FESTIVAL est OUVERTE pour le Festival 2025 (depuis P\u00e2ques) ! La version d\u00e9finitive du PROGRAMME DU FESTIVAL, du 29 juillet au 9 ao\u00fbt 2025, est d\u00e9sormais disponible sur le site et une version est en cours d'impression pour une distribution locale, accompagn\u00e9e d'affiches. L'affiche figure en premi\u00e8re\u2026","rel":"","context":"Dans &quot;Festival 2025&quot;","block_context":{"text":"Festival 2025","link":"https:\/\/www.musique-cordiale.com\/fr\/category\/festival-2025-fr\/"},"img":{"alt_text":"","src":"","width":0,"height":0},"classes":[]}],"jetpack_shortlink":"https:\/\/wp.me\/paEPkm-3TV","_links":{"self":[{"href":"https:\/\/www.musique-cordiale.com\/fr\/wp-json\/wp\/v2\/posts\/14999","targetHints":{"allow":["GET"]}}],"collection":[{"href":"https:\/\/www.musique-cordiale.com\/fr\/wp-json\/wp\/v2\/posts"}],"about":[{"href":"https:\/\/www.musique-cordiale.com\/fr\/wp-json\/wp\/v2\/types\/post"}],"author":[{"embeddable":true,"href":"https:\/\/www.musique-cordiale.com\/fr\/wp-json\/wp\/v2\/users\/4"}],"replies":[{"embeddable":true,"href":"https:\/\/www.musique-cordiale.com\/fr\/wp-json\/wp\/v2\/comments?post=14999"}],"version-history":[{"count":0,"href":"https:\/\/www.musique-cordiale.com\/fr\/wp-json\/wp\/v2\/posts\/14999\/revisions"}],"wp:attachment":[{"href":"https:\/\/www.musique-cordiale.com\/fr\/wp-json\/wp\/v2\/media?parent=14999"}],"wp:term":[{"taxonomy":"category","embeddable":true,"href":"https:\/\/www.musique-cordiale.com\/fr\/wp-json\/wp\/v2\/categories?post=14999"},{"taxonomy":"post_tag","embeddable":true,"href":"https:\/\/www.musique-cordiale.com\/fr\/wp-json\/wp\/v2\/tags?post=14999"}],"curies":[{"name":"wp","href":"https:\/\/api.w.org\/{rel}","templated":true}]}}