{"id":15001,"date":"2015-06-13T07:23:30","date_gmt":"2015-06-13T07:23:30","guid":{"rendered":"http:\/\/dev3.musique-cordiale.com\/general\/reserver-vos-billets-pour-notre-soiree-de-collecte-de-fonds\/"},"modified":"2015-06-13T07:23:30","modified_gmt":"2015-06-13T07:23:30","slug":"reserver-vos-billets-pour-notre-soiree-de-collecte-de-fonds","status":"publish","type":"post","link":"https:\/\/www.musique-cordiale.com\/fr\/reserver-vos-billets-pour-notre-soiree-de-collecte-de-fonds\/","title":{"rendered":"R\u00e9server vos billets pour notre soir\u00e9e de collecte de fonds"},"content":{"rendered":"<h5><span style=\"color: #000000;\"><strong>Rejoignez-nous pour une soir\u00e9e de gastronomie, vin et chanson afin de collecter des fonds pour le Festival Musique Cordiale<\/strong><\/span><\/h5>\n<h6><span style=\"color: #000000;\"><b>Mercredi 8 juillet 2015, 19h00<br \/>\nLa Salle Polyvalente, Seillans, 83440 France<\/b><\/span><\/h6>\n<p><span style=\"color: #000000;\">R\u00e9ception au champagne, d\u00eener fait par l&rsquo;Institut Gastronomie Riviera, vin et interpr\u00e9tations par soprano Lydia Brotherton, baryton Adam Green et pianiste Mark Austin<\/span><\/p>\n<p><a href=\"https:\/\/www.musique-cordiale.com\/fr\/members-friends-donors\/diner\/\" target=\"_blank\">Cliquez pour r\u00e9server vos billets en ligne<\/a><\/p>\n<p><span style=\"color: #000000;\">Pour r\u00e9server vos billets hors ligne, merci de contacter:<\/span><\/p>\n<p><span style=\"color: #000000;\">Hannah Stodart, Administratrice du Festival: <\/span><br \/>\n<span style=\"color: #000000;\"> +33 7 87 46 99 27<br \/>\n<span \n                data-original-string='8USeMtfdJtUw2pJvoql2GQ==b08yWyQ8Qk3ObTLjEZ6ZfPfUI2o4EfsHaf5nQAIrZuQv88='\n                class='apbct-email-encoder'\n                title='This contact has been encoded by Anti-Spam by CleanTalk. Click to decode. To finish the decoding make sure that JavaScript is enabled in your browser.'>ha<span class=\"apbct-blur\">****<\/span>@<span class=\"apbct-blur\">**************<\/span>le.com<\/span><br \/>\n<\/span><\/p>\n<table>\n<tbody>\n<tr>\n<td style=\"text-align: center;\"><a href=\"https:\/\/i0.wp.com\/www.musique-cordiale.com\/wp-content\/uploads\/2014\/06\/adam-green.jpg\"><img data-recalc-dims=\"1\" loading=\"lazy\" decoding=\"async\" class=\" size-medium wp-image-6837 aligncenter\" src=\"https:\/\/i0.wp.com\/www.musique-cordiale.com\/wp-content\/uploads\/2014\/06\/adam-green-150x300.jpg?resize=150%2C300\" alt=\"adam green\" width=\"150\" height=\"300\" srcset=\"https:\/\/i0.wp.com\/www.musique-cordiale.com\/wp-content\/uploads\/2014\/06\/adam-green.jpg?resize=150%2C300&amp;ssl=1 150w, https:\/\/i0.wp.com\/www.musique-cordiale.com\/wp-content\/uploads\/2014\/06\/adam-green.jpg?w=300&amp;ssl=1 300w, https:\/\/i0.wp.com\/www.musique-cordiale.com\/wp-content\/uploads\/2014\/06\/adam-green.jpg?resize=175%2C350&amp;ssl=1 175w\" sizes=\"auto, (max-width: 150px) 100vw, 150px\" \/><\/a>Adam Green<\/td>\n<td style=\"text-align: center;\"><a href=\"https:\/\/i0.wp.com\/www.musique-cordiale.com\/wp-content\/uploads\/2014\/06\/Lydia-Brotherton-Photo-.jpg\"><img data-recalc-dims=\"1\" loading=\"lazy\" decoding=\"async\" class=\"size-medium wp-image-6513 aligncenter\" src=\"https:\/\/i0.wp.com\/www.musique-cordiale.com\/wp-content\/uploads\/2014\/06\/Lydia-Brotherton-Photo--200x300.jpg?resize=200%2C300\" alt=\"Lydia Brotherton soprano\" width=\"200\" height=\"300\" srcset=\"https:\/\/i0.wp.com\/www.musique-cordiale.com\/wp-content\/uploads\/2014\/06\/Lydia-Brotherton-Photo--scaled.jpg?resize=200%2C300&amp;ssl=1 200w, https:\/\/i0.wp.com\/www.musique-cordiale.com\/wp-content\/uploads\/2014\/06\/Lydia-Brotherton-Photo--scaled.jpg?resize=750%2C1125&amp;ssl=1 750w, https:\/\/i0.wp.com\/www.musique-cordiale.com\/wp-content\/uploads\/2014\/06\/Lydia-Brotherton-Photo--scaled.jpg?resize=233%2C350&amp;ssl=1 233w, https:\/\/i0.wp.com\/www.musique-cordiale.com\/wp-content\/uploads\/2014\/06\/Lydia-Brotherton-Photo--scaled.jpg?resize=600%2C900&amp;ssl=1 600w, https:\/\/i0.wp.com\/www.musique-cordiale.com\/wp-content\/uploads\/2014\/06\/Lydia-Brotherton-Photo--scaled.jpg?resize=685%2C1028&amp;ssl=1 685w, https:\/\/i0.wp.com\/www.musique-cordiale.com\/wp-content\/uploads\/2014\/06\/Lydia-Brotherton-Photo--scaled.jpg?w=1707&amp;ssl=1 1707w, https:\/\/i0.wp.com\/www.musique-cordiale.com\/wp-content\/uploads\/2014\/06\/Lydia-Brotherton-Photo--scaled.jpg?w=1280&amp;ssl=1 1280w\" sizes=\"auto, (max-width: 200px) 100vw, 200px\" \/><\/a>Lydia Brotherton<\/td>\n<td style=\"text-align: center;\"><a href=\"https:\/\/i0.wp.com\/www.musique-cordiale.com\/wp-content\/uploads\/2014\/06\/Mark-colour.jpg\"><img data-recalc-dims=\"1\" loading=\"lazy\" decoding=\"async\" class=\" size-medium wp-image-6836 aligncenter\" src=\"https:\/\/i0.wp.com\/www.musique-cordiale.com\/wp-content\/uploads\/2014\/06\/Mark-colour-181x300.jpg?resize=181%2C300\" alt=\"Mark colour\" width=\"181\" height=\"300\" srcset=\"https:\/\/i0.wp.com\/www.musique-cordiale.com\/wp-content\/uploads\/2014\/06\/Mark-colour-scaled.jpg?resize=181%2C300&amp;ssl=1 181w, https:\/\/i0.wp.com\/www.musique-cordiale.com\/wp-content\/uploads\/2014\/06\/Mark-colour-scaled.jpg?resize=750%2C1245&amp;ssl=1 750w, https:\/\/i0.wp.com\/www.musique-cordiale.com\/wp-content\/uploads\/2014\/06\/Mark-colour-scaled.jpg?resize=768%2C1275&amp;ssl=1 768w, https:\/\/i0.wp.com\/www.musique-cordiale.com\/wp-content\/uploads\/2014\/06\/Mark-colour-scaled.jpg?resize=925%2C1536&amp;ssl=1 925w, https:\/\/i0.wp.com\/www.musique-cordiale.com\/wp-content\/uploads\/2014\/06\/Mark-colour-scaled.jpg?resize=1233%2C2048&amp;ssl=1 1233w, https:\/\/i0.wp.com\/www.musique-cordiale.com\/wp-content\/uploads\/2014\/06\/Mark-colour-scaled.jpg?resize=600%2C996&amp;ssl=1 600w, https:\/\/i0.wp.com\/www.musique-cordiale.com\/wp-content\/uploads\/2014\/06\/Mark-colour-scaled.jpg?resize=211%2C350&amp;ssl=1 211w, https:\/\/i0.wp.com\/www.musique-cordiale.com\/wp-content\/uploads\/2014\/06\/Mark-colour-scaled.jpg?w=1542&amp;ssl=1 1542w\" sizes=\"auto, (max-width: 181px) 100vw, 181px\" \/><\/a>Mark Austin<\/td>\n<\/tr>\n<\/tbody>\n<\/table>\n<p><span style=\"color: #000000;\">Nous nous r\u00e9jouissons de vous accueillir le 8 juillet!<\/span><\/p>\n","protected":false},"excerpt":{"rendered":"<p>Rejoignez-nous pour une soir\u00e9e de gastronomie, vin et chanson afin de collecter des fonds pour le Festival Musique Cordiale Mercredi 8 juillet 2015, 19h00 La Salle Polyvalente, Seillans, 83440 France R\u00e9ception au champagne, d\u00eener fait par l&rsquo;Institut Gastronomie Riviera, vin et interpr\u00e9tations par soprano Lydia Brotherton, baryton Adam Green et pianiste Mark Austin Cliquez pour [&hellip;]<\/p>\n","protected":false},"author":7,"featured_media":0,"comment_status":"closed","ping_status":"open","sticky":false,"template":"","format":"standard","meta":{"_acf_changed":false,"_monsterinsights_skip_tracking":false,"_monsterinsights_sitenote_active":false,"_monsterinsights_sitenote_note":"","_monsterinsights_sitenote_category":0,"_uf_show_specific_survey":0,"_uf_disable_surveys":false,"advanced_seo_description":"","jetpack_seo_html_title":"","jetpack_seo_noindex":false,"_jetpack_memberships_contains_paid_content":false,"footnotes":""},"categories":[],"tags":[],"class_list":["post-15001","post","type-post","status-publish","format-standard","hentry"],"acf":[],"jetpack_featured_media_url":"","jetpack_sharing_enabled":true,"jetpack-related-posts":[{"id":47877,"url":"https:\/\/www.musique-cordiale.com\/fr\/actualite-musique-cordiale-janvier-2025\/","url_meta":{"origin":15001,"position":0},"title":"ACTUALIT\u00c9 Musique Cordiale","author":"Jonathan Barker","date":"06\/01\/2025","format":false,"excerpt":"La BILLETERIE DU FESTIVAL est OUVERTE pour le Festival 2025 (depuis P\u00e2ques) ! La version d\u00e9finitive du PROGRAMME DU FESTIVAL, du 29 juillet au 9 ao\u00fbt 2025, est d\u00e9sormais disponible sur le site et une version est en cours d'impression pour une distribution locale, accompagn\u00e9e d'affiches. L'affiche figure en premi\u00e8re\u2026","rel":"","context":"Dans &quot;Festival 2025&quot;","block_context":{"text":"Festival 2025","link":"https:\/\/www.musique-cordiale.com\/fr\/category\/festival-2025-fr\/"},"img":{"alt_text":"","src":"","width":0,"height":0},"classes":[]},{"id":48816,"url":"https:\/\/www.musique-cordiale.com\/fr\/first-call-for-tickets-festival-2025\/","url_meta":{"origin":15001,"position":1},"title":"Premier appel \u00e0 billets pour le Festival 2025","author":"Jonathan Barker","date":"01\/05\/2025","format":false,"excerpt":"Votre invitation \u00e0 Musique-Cordiale 2025 Premier appel \u00e0 billets pour le festival 2025:BILLETS & FORFAITS SAISON pour le21e Festival International annuel de Musique Cordiale,\r 29 juillet - 9 ao\u00fbtsont d\u00e9sormais disponibles. Partagez la magie musicale ! Take a look at the up-to-date outline Programme. \u00a0It is still evolving but there\u2026","rel":"","context":"Dans &quot;Festival 2025&quot;","block_context":{"text":"Festival 2025","link":"https:\/\/www.musique-cordiale.com\/fr\/category\/festival-2025-fr\/"},"img":{"alt_text":"","src":"https:\/\/i0.wp.com\/www.musique-cordiale.com\/wp-content\/uploads\/2025\/05\/Paddy-Lovely-affiche-Musique-Cordiale-2025.png?fit=848%2C1200&ssl=1&resize=350%2C200","width":350,"height":200,"srcset":"https:\/\/i0.wp.com\/www.musique-cordiale.com\/wp-content\/uploads\/2025\/05\/Paddy-Lovely-affiche-Musique-Cordiale-2025.png?fit=848%2C1200&ssl=1&resize=350%2C200 1x, https:\/\/i0.wp.com\/www.musique-cordiale.com\/wp-content\/uploads\/2025\/05\/Paddy-Lovely-affiche-Musique-Cordiale-2025.png?fit=848%2C1200&ssl=1&resize=525%2C300 1.5x, https:\/\/i0.wp.com\/www.musique-cordiale.com\/wp-content\/uploads\/2025\/05\/Paddy-Lovely-affiche-Musique-Cordiale-2025.png?fit=848%2C1200&ssl=1&resize=700%2C400 2x"},"classes":[]},{"id":15007,"url":"https:\/\/www.musique-cordiale.com\/fr\/diner-de-gala-2016-2\/","url_meta":{"origin":15001,"position":2},"title":"D\u00eener de Gala 2016","author":"Hannah Stodart","date":"18\/05\/2016","format":"image","excerpt":"D\u00eener de Gala 2016 Les billets sont d\u00e9sormais disponible pour notre D\u00eener de Gala 2016 au charmant Moulin de la Camandoule entre Seillans & Fayence. La soir\u00e9e commence par un ap\u00e9ritif et une mise en bouche gourmande, suivi d'un d\u00eener avec vin et caf\u00e9 et figurera le retour de deux\u2026","rel":"","context":"Article similaire","block_context":{"text":"Article similaire","link":""},"img":{"alt_text":"","src":"","width":0,"height":0},"classes":[]},{"id":48812,"url":"https:\/\/www.musique-cordiale.com\/first-call-for-tickets-festival-2025\/","url_meta":{"origin":15001,"position":3},"title":"First Call for TICKETS, Festival 2025","author":"Jonathan Barker","date":"01\/05\/2025","format":false,"excerpt":"Your invitation to Musique-Cordiale 2025 Votre invitation \u00e0 Musique-Cordiale 2025 - Premier appel \u00e0 billets pour le festival 2025:TICKETS & SEASON PASSES for the 21st annual Musique-Cordiale International Festival,29 July - 9 August,are now available. Share the musical magic! Take a look at the up-to-date outline Programme. \u00a0It is still\u2026","rel":"","context":"Dans &quot;Festival 2025&quot;","block_context":{"text":"Festival 2025","link":"https:\/\/www.musique-cordiale.com\/category\/festival-2025\/"},"img":{"alt_text":"","src":"https:\/\/i0.wp.com\/www.musique-cordiale.com\/wp-content\/uploads\/2025\/05\/Paddy-Lovely-affiche-Musique-Cordiale-2025.png?fit=848%2C1200&ssl=1&resize=350%2C200","width":350,"height":200,"srcset":"https:\/\/i0.wp.com\/www.musique-cordiale.com\/wp-content\/uploads\/2025\/05\/Paddy-Lovely-affiche-Musique-Cordiale-2025.png?fit=848%2C1200&ssl=1&resize=350%2C200 1x, https:\/\/i0.wp.com\/www.musique-cordiale.com\/wp-content\/uploads\/2025\/05\/Paddy-Lovely-affiche-Musique-Cordiale-2025.png?fit=848%2C1200&ssl=1&resize=525%2C300 1.5x, https:\/\/i0.wp.com\/www.musique-cordiale.com\/wp-content\/uploads\/2025\/05\/Paddy-Lovely-affiche-Musique-Cordiale-2025.png?fit=848%2C1200&ssl=1&resize=700%2C400 2x"},"classes":[]},{"id":31552,"url":"https:\/\/www.musique-cordiale.com\/fr\/rejoignez-le-festival-2020-choir-en-ligne\/","url_meta":{"origin":15001,"position":4},"title":"Rejoignez le Festival 2020 Choir EN LIGNE","author":"Jonathan Barker","date":"09\/01\/2020","format":false,"excerpt":"Veuillez d'abord remplir le formulaire d'inscription, appuyer sur SOUMETTRE (ou enregistrer et continuer) et attendre un accus\u00e9 de r\u00e9ception ci-dessous avant de quitter la page \u00a0 Voir les options et informations S\u00c9PAR\u00c9ES pour savoir COMMENT PAYER. Vous pouvez payer s\u00e9par\u00e9ment apr\u00e8s votre inscription en utilisant le bouton sous le formulaire\u2026","rel":"","context":"Dans &quot;Choeur du Festival&quot;","block_context":{"text":"Choeur du Festival","link":"https:\/\/www.musique-cordiale.com\/fr\/category\/choeur-du-festival\/"},"img":{"alt_text":"","src":"","width":0,"height":0},"classes":[]},{"id":41416,"url":"https:\/\/www.musique-cordiale.com\/fr\/retour-en-france-2023-2\/","url_meta":{"origin":15001,"position":5},"title":"Retour en France 2023","author":"Jonathan Barker","date":"25\/06\/2023","format":false,"excerpt":"Il est temps de r\u00e9introduire \"Musique Cordiale\" aupr\u00e8s de nos fid\u00e8les supporters proven\u00e7aux. Nous sommes pr\u00eats \u00e0 accueillir \u00e0 nouveau notre public fran\u00e7ais et europ\u00e9en spectateurs et \u00e0 inviter de nouveaux appr\u00e9ciateur de musique de haut calibre, qu'ils soient des visiteurs saisonniers ou des r\u00e9sidents locaux du coin pittoresque du\u2026","rel":"","context":"Dans &quot;G\u00e9n\u00e9ral&quot;","block_context":{"text":"G\u00e9n\u00e9ral","link":"https:\/\/www.musique-cordiale.com\/fr\/category\/general-fr\/"},"img":{"alt_text":"","src":"https:\/\/i0.wp.com\/www.musique-cordiale.com\/wp-content\/uploads\/2023\/06\/MC-no-year-header.png?resize=350%2C200&ssl=1","width":350,"height":200,"srcset":"https:\/\/i0.wp.com\/www.musique-cordiale.com\/wp-content\/uploads\/2023\/06\/MC-no-year-header.png?resize=350%2C200&ssl=1 1x, https:\/\/i0.wp.com\/www.musique-cordiale.com\/wp-content\/uploads\/2023\/06\/MC-no-year-header.png?resize=525%2C300&ssl=1 1.5x, https:\/\/i0.wp.com\/www.musique-cordiale.com\/wp-content\/uploads\/2023\/06\/MC-no-year-header.png?resize=700%2C400&ssl=1 2x, https:\/\/i0.wp.com\/www.musique-cordiale.com\/wp-content\/uploads\/2023\/06\/MC-no-year-header.png?resize=1050%2C600&ssl=1 3x"},"classes":[]}],"jetpack_shortlink":"https:\/\/wp.me\/paEPkm-3TX","_links":{"self":[{"href":"https:\/\/www.musique-cordiale.com\/fr\/wp-json\/wp\/v2\/posts\/15001","targetHints":{"allow":["GET"]}}],"collection":[{"href":"https:\/\/www.musique-cordiale.com\/fr\/wp-json\/wp\/v2\/posts"}],"about":[{"href":"https:\/\/www.musique-cordiale.com\/fr\/wp-json\/wp\/v2\/types\/post"}],"author":[{"embeddable":true,"href":"https:\/\/www.musique-cordiale.com\/fr\/wp-json\/wp\/v2\/users\/7"}],"replies":[{"embeddable":true,"href":"https:\/\/www.musique-cordiale.com\/fr\/wp-json\/wp\/v2\/comments?post=15001"}],"version-history":[{"count":0,"href":"https:\/\/www.musique-cordiale.com\/fr\/wp-json\/wp\/v2\/posts\/15001\/revisions"}],"wp:attachment":[{"href":"https:\/\/www.musique-cordiale.com\/fr\/wp-json\/wp\/v2\/media?parent=15001"}],"wp:term":[{"taxonomy":"category","embeddable":true,"href":"https:\/\/www.musique-cordiale.com\/fr\/wp-json\/wp\/v2\/categories?post=15001"},{"taxonomy":"post_tag","embeddable":true,"href":"https:\/\/www.musique-cordiale.com\/fr\/wp-json\/wp\/v2\/tags?post=15001"}],"curies":[{"name":"wp","href":"https:\/\/api.w.org\/{rel}","templated":true}]}}