{"id":15003,"date":"2015-09-28T13:08:42","date_gmt":"2015-09-28T13:08:42","guid":{"rendered":"http:\/\/dev3.musique-cordiale.com\/general\/concert-de-noel-2015\/"},"modified":"2015-09-28T13:08:42","modified_gmt":"2015-09-28T13:08:42","slug":"concert-de-noel-2015","status":"publish","type":"post","link":"https:\/\/www.musique-cordiale.com\/fr\/concert-de-noel-2015\/","title":{"rendered":"Concert de No\u00ebl 2015"},"content":{"rendered":"<h5><a href=\"https:\/\/i0.wp.com\/www.musique-cordiale.com\/wp-content\/uploads\/2015\/09\/Choir-of-Clare-College-Cambridge1.jpg\"><img data-recalc-dims=\"1\" loading=\"lazy\" decoding=\"async\" class=\" wp-image-10118 alignright\" src=\"https:\/\/i0.wp.com\/www.musique-cordiale.com\/wp-content\/uploads\/2015\/09\/Choir-of-Clare-College-Cambridge1-240x300.jpg?resize=248%2C309\" alt=\"Choir of Clare College Cambridge\" width=\"248\" height=\"309\" srcset=\"https:\/\/i0.wp.com\/www.musique-cordiale.com\/wp-content\/uploads\/2015\/09\/Choir-of-Clare-College-Cambridge1.jpg?resize=240%2C300&amp;ssl=1 240w, https:\/\/i0.wp.com\/www.musique-cordiale.com\/wp-content\/uploads\/2015\/09\/Choir-of-Clare-College-Cambridge1.jpg?resize=750%2C938&amp;ssl=1 750w, https:\/\/i0.wp.com\/www.musique-cordiale.com\/wp-content\/uploads\/2015\/09\/Choir-of-Clare-College-Cambridge1.jpg?resize=600%2C750&amp;ssl=1 600w, https:\/\/i0.wp.com\/www.musique-cordiale.com\/wp-content\/uploads\/2015\/09\/Choir-of-Clare-College-Cambridge1.jpg?w=768&amp;ssl=1 768w, https:\/\/i0.wp.com\/www.musique-cordiale.com\/wp-content\/uploads\/2015\/09\/Choir-of-Clare-College-Cambridge1.jpg?resize=280%2C350&amp;ssl=1 280w\" sizes=\"auto, (max-width: 248px) 100vw, 248px\" \/><\/a><\/h5>\n<h5><b>Le premier \u00e9v\u00e9nement des Amis aura lieu le jeudi 3 d\u00e9cembre \u00e0 <a href=\"http:\/\/unionchapel.org.uk\">l&rsquo;Union Chapel<\/a>, Islington, Londres.<\/b><\/h5>\n<p>Le 3 d\u00e9cembre, Graham Ross dirigera son propre Ch\u0153ur du Clare College Cambridge avec l\u2019Orchestre de l\u2019\u00c2ge des Lumi\u00e8res et une affiche \u00e9blouissante de solistes dans <b>le Messie de Haendel. <\/b>Graham nous rejoindra \u00e0 une r\u00e9ception pour les Amis de MC avant le concert. Les billets sont \u00a327.50 (38.50 \u20ac) et nous ferons une r\u00e9servation de groupe donc merci de nous pr\u00e9venir (<span \n                data-original-string='1row6GvO32BSy0S8ttOOhQ==b08ONXpBnc1A0OfPkFcweC\/RoPWMrcsthO0cOkhyGM0G\/0='\n                class='apbct-email-encoder'\n                title='This contact has been encoded by Anti-Spam by CleanTalk. Click to decode. To finish the decoding make sure that JavaScript is enabled in your browser.'>ha<span class=\"apbct-blur\">****<\/span>@<span class=\"apbct-blur\">**************<\/span>le.com<\/span>) <strong>avant le 31 octobre<\/strong> si vous souhaitez y assister.<\/p>\n<blockquote><p><span style=\"color: #ff0000;\"><b>Les r\u00e9servations pour le concert de No\u00ebl sont d\u00e9sormais ferm\u00e9es<\/b><\/span><\/p><\/blockquote>\n<h5><strong>Pas encore Ami du Festival?<\/strong><\/h5>\n<p><a class=\"button primary-button\" href=\"\/fr\/members-friends-donors\">Devenez Ami maintenant!<\/a><\/p>\n<p><strong>Graham Ross, chef du Ch\u0153ur du Clare College Cambridge,\u00a0rejoindra les Amis de Musique Cordiale \u00e0 un ap\u00e9ritif avant\u00a0l&rsquo;interpr\u00e9tation\u00a0du Messie de Haendel avec l&rsquo;Orchestre de l&rsquo;\u00c2ge des Lumi\u00e8res.<\/strong><\/p>\n<p><strong><em>Ch\u0153ur du Clare Clare College, Cambridge<br \/>\nL&rsquo;Orchestre de l&rsquo;\u00c2ge des Lumi\u00e8res<\/em><\/strong><\/p>\n<p>Elin Manahan Thomas | soprano<br \/>\nChristopher Ainslie | haute-contre<br \/>\nNicholas Mulroy | t\u00e9nor<br \/>\nAlexander Ashworth | basse<\/p>\n<p>Margaret Faultless | premier violon<br \/>\nGraham Ross | direction<\/p>\n<p>Le ch\u0153ur du Clare College, Cambridge, l&rsquo;Orchestre de l&rsquo;\u00c2ge des Lumi\u00e8res et une affiche \u00e9blouissante de solistes interpr\u00e8tent le Messie de Haendel, dirig\u00e9 par Graham Ross.<\/p>\n<p>Le ch\u0153ur a gagn\u00e9 une r\u00e9putation internationale en tant\u00a0<span class=\"st\">que l&rsquo;un des plus prestigieux ch\u0153urs universitaires du monde. En plus de diriger des offices trois fois par semaine dans la Chapelle du Coll\u00e8ge, le ch\u0153ur maintient un programme actif d&rsquo;enregistrement, de diffusion et de concerts. Autrefois, John Rutter et Timothy Brown ont dirig\u00e9 le ch\u0153ur. Sous la direction de Graham Ross &#8211; Directeur musical depuis 2010 &#8211; on a fait l&rsquo;\u00e9loge de ces interpr\u00e9tations passionnantes et remarquables\u00a0 dans le monde entier.<\/span><\/p>\n","protected":false},"excerpt":{"rendered":"<p>Le premier \u00e9v\u00e9nement des Amis aura lieu le jeudi 3 d\u00e9cembre \u00e0 l&rsquo;Union Chapel, Islington, Londres. Le 3 d\u00e9cembre, Graham Ross dirigera son propre Ch\u0153ur du Clare College Cambridge avec l\u2019Orchestre de l\u2019\u00c2ge des Lumi\u00e8res et une affiche \u00e9blouissante de solistes dans le Messie de Haendel. Graham nous rejoindra \u00e0 une r\u00e9ception pour les Amis [&hellip;]<\/p>\n","protected":false},"author":7,"featured_media":0,"comment_status":"closed","ping_status":"open","sticky":false,"template":"","format":"standard","meta":{"_acf_changed":false,"_monsterinsights_skip_tracking":false,"_monsterinsights_sitenote_active":false,"_monsterinsights_sitenote_note":"","_monsterinsights_sitenote_category":0,"_uf_show_specific_survey":0,"_uf_disable_surveys":false,"advanced_seo_description":"","jetpack_seo_html_title":"","jetpack_seo_noindex":false,"_jetpack_memberships_contains_paid_content":false,"footnotes":""},"categories":[],"tags":[],"class_list":["post-15003","post","type-post","status-publish","format-standard","hentry"],"acf":[],"jetpack_featured_media_url":"","jetpack_sharing_enabled":true,"jetpack-related-posts":[{"id":14991,"url":"https:\/\/www.musique-cordiale.com\/fr\/merci-remerciements\/","url_meta":{"origin":15003,"position":0},"title":"Merci &#038; remerciements","author":"Webmaster","date":"22\/01\/2014","format":false,"excerpt":"C\u2019est \u00e0 tous ceux et celles qui ont contribu\u00e9 \u00e0 rendre possibles le festival Musique Cordiale 2014 et son Acad\u00e9mie que va notre reconnaissance. Cette aide \u00e0 pris les formes les plus diverses\u00a0: certains ont donn\u00e9 de leur temps ou de l\u2019\u00e9nergie, d\u2019autres nous ont donn\u00e9 de pr\u00e9cieux conseils, il\u2026","rel":"","context":"Article similaire","block_context":{"text":"Article similaire","link":""},"img":{"alt_text":"musique-cordiale-logo","src":"https:\/\/i0.wp.com\/www.musique-cordiale.com\/wp-content\/uploads\/2011\/03\/musique-cordiale-logo.gif?resize=350%2C200","width":350,"height":200},"classes":[]},{"id":33848,"url":"https:\/\/www.musique-cordiale.com\/fr\/cancellation-of-the-2020-festival\/","url_meta":{"origin":15003,"position":1},"title":"Annulation du Festival 2020","author":"Jonathan Barker","date":"23\/05\/2020","format":false,"excerpt":"\u00a0 click here to see May 2020 UPDATE\u00a0 - en anglais -\u00a0see public announcement in English\u00a0 \u00a0 \u00a0 \u00a0 \u00a0 \u00a0 \u00a0 \u00a0 \u00a0 \u00a0 \u00a0 \u00a0 Pour t\u00e9l\u00e9charger ce message en fran\u00e7ais au format PDF, cliquez ICI VERSION FRAN\u00c7AIS: MISE \u00c0 JOUR 29 Mai 2020 Tout \u00e9tait organis\u00e9 et\u2026","rel":"","context":"Dans &quot;Non classifi\u00e9(e)&quot;","block_context":{"text":"Non classifi\u00e9(e)","link":"https:\/\/www.musique-cordiale.com\/fr\/category\/non-classifiee\/"},"img":{"alt_text":"","src":"https:\/\/i0.wp.com\/www.musique-cordiale.com\/wp-content\/uploads\/2020\/02\/49516519892_afdd7f5fd6_o-scaled.jpg?fit=1200%2C583&ssl=1&resize=350%2C200","width":350,"height":200,"srcset":"https:\/\/i0.wp.com\/www.musique-cordiale.com\/wp-content\/uploads\/2020\/02\/49516519892_afdd7f5fd6_o-scaled.jpg?fit=1200%2C583&ssl=1&resize=350%2C200 1x, https:\/\/i0.wp.com\/www.musique-cordiale.com\/wp-content\/uploads\/2020\/02\/49516519892_afdd7f5fd6_o-scaled.jpg?fit=1200%2C583&ssl=1&resize=525%2C300 1.5x, https:\/\/i0.wp.com\/www.musique-cordiale.com\/wp-content\/uploads\/2020\/02\/49516519892_afdd7f5fd6_o-scaled.jpg?fit=1200%2C583&ssl=1&resize=700%2C400 2x, https:\/\/i0.wp.com\/www.musique-cordiale.com\/wp-content\/uploads\/2020\/02\/49516519892_afdd7f5fd6_o-scaled.jpg?fit=1200%2C583&ssl=1&resize=1050%2C600 3x"},"classes":[]},{"id":47877,"url":"https:\/\/www.musique-cordiale.com\/fr\/actualite-musique-cordiale-janvier-2025\/","url_meta":{"origin":15003,"position":2},"title":"ACTUALIT\u00c9 Musique Cordiale","author":"Jonathan Barker","date":"06\/01\/2025","format":false,"excerpt":"La BILLETERIE DU FESTIVAL est OUVERTE pour le Festival 2025 (depuis P\u00e2ques) ! La version d\u00e9finitive du PROGRAMME DU FESTIVAL, du 29 juillet au 9 ao\u00fbt 2025, est d\u00e9sormais disponible sur le site et une version est en cours d'impression pour une distribution locale, accompagn\u00e9e d'affiches. L'affiche figure en premi\u00e8re\u2026","rel":"","context":"Dans &quot;Festival 2025&quot;","block_context":{"text":"Festival 2025","link":"https:\/\/www.musique-cordiale.com\/fr\/category\/festival-2025-fr\/"},"img":{"alt_text":"","src":"","width":0,"height":0},"classes":[]},{"id":14997,"url":"https:\/\/www.musique-cordiale.com\/fr\/concert-surprise-gratuit\/","url_meta":{"origin":15003,"position":3},"title":"CONCERT SURPRISE &#8211; gratuit","author":"Jonathan Barker","date":"29\/07\/2014","format":false,"excerpt":"Dimanche 10 ao\u00fbt\u00a0\u00c9glise de Seillans\u00a019h00\u00a0\u2013\u00a0CONCERT SURPRISE:\u00a0Andrew Staples, t\u00e9nor\u00a0\u2013 r\u00e9cital,\u00a0Rebecca Taylor piano,\u00a0Entr\u00e9e Gratuite ......\u00a0Frais du concert d'ouverture de la BBC Proms cette ann\u00e9e et avec nous bri\u00e8vement entre les performances au Festival de Salzbourg, Andy Staples revient \u00e0 Musique Cordiale pour un r\u00e9cital \u00e0 Seillans dans un concert suppl\u00e9mentaire ( ).\u2026","rel":"","context":"Article similaire","block_context":{"text":"Article similaire","link":""},"img":{"alt_text":"Andrew Staples with Graham Ross at Musique Cordiale","src":"https:\/\/i0.wp.com\/www.musique-cordiale.com\/wp-content\/uploads\/2011\/03\/4868509518_626c70d3a0_b-300x109.jpg?resize=350%2C200","width":350,"height":200},"classes":[]},{"id":14980,"url":"https:\/\/www.musique-cordiale.com\/fr\/presse-11-juillet-2103\/","url_meta":{"origin":15003,"position":4},"title":"Presse, 11 juillet 2103","author":"Jonathan Barker","date":"11\/07\/2013","format":false,"excerpt":"PRESSE: 11 juillet 2013 \u00a0 \u00a0 \u00a0 \u00a0 \u00a0 \u00a09\u00e8me Festival International de Seillans MUSIQUE CORDIALE Du 6 au 17 ao\u00fbt 2013 Seillans - Mons - Correns - Claviers - St Rapha\u00ebl - Bargemon - Callian - Bagnols-en-For\u00eat www.musique-cordiale.com LA NUOVA MUSICA \u2022 DAVID BATES \u2022 GRAHAM ROSS \u2022 KLAZZ\u2026","rel":"","context":"Article similaire","block_context":{"text":"Article similaire","link":""},"img":{"alt_text":"Affiche - 2013 Festival: http:\/\/www.musique-cordiale.com\/programme\/","src":"https:\/\/i0.wp.com\/www.musique-cordiale.com\/wp-content\/uploads\/2013\/05\/MC2013_A4Poster2-Copy-2-214x300.jpg?resize=350%2C200","width":350,"height":200},"classes":[]},{"id":41416,"url":"https:\/\/www.musique-cordiale.com\/fr\/retour-en-france-2023-2\/","url_meta":{"origin":15003,"position":5},"title":"Retour en France 2023","author":"Jonathan Barker","date":"25\/06\/2023","format":false,"excerpt":"Il est temps de r\u00e9introduire \"Musique Cordiale\" aupr\u00e8s de nos fid\u00e8les supporters proven\u00e7aux. Nous sommes pr\u00eats \u00e0 accueillir \u00e0 nouveau notre public fran\u00e7ais et europ\u00e9en spectateurs et \u00e0 inviter de nouveaux appr\u00e9ciateur de musique de haut calibre, qu'ils soient des visiteurs saisonniers ou des r\u00e9sidents locaux du coin pittoresque du\u2026","rel":"","context":"Dans &quot;G\u00e9n\u00e9ral&quot;","block_context":{"text":"G\u00e9n\u00e9ral","link":"https:\/\/www.musique-cordiale.com\/fr\/category\/general-fr\/"},"img":{"alt_text":"","src":"https:\/\/i0.wp.com\/www.musique-cordiale.com\/wp-content\/uploads\/2023\/06\/MC-no-year-header.png?resize=350%2C200&ssl=1","width":350,"height":200,"srcset":"https:\/\/i0.wp.com\/www.musique-cordiale.com\/wp-content\/uploads\/2023\/06\/MC-no-year-header.png?resize=350%2C200&ssl=1 1x, https:\/\/i0.wp.com\/www.musique-cordiale.com\/wp-content\/uploads\/2023\/06\/MC-no-year-header.png?resize=525%2C300&ssl=1 1.5x, https:\/\/i0.wp.com\/www.musique-cordiale.com\/wp-content\/uploads\/2023\/06\/MC-no-year-header.png?resize=700%2C400&ssl=1 2x, https:\/\/i0.wp.com\/www.musique-cordiale.com\/wp-content\/uploads\/2023\/06\/MC-no-year-header.png?resize=1050%2C600&ssl=1 3x"},"classes":[]}],"jetpack_shortlink":"https:\/\/wp.me\/paEPkm-3TZ","_links":{"self":[{"href":"https:\/\/www.musique-cordiale.com\/fr\/wp-json\/wp\/v2\/posts\/15003","targetHints":{"allow":["GET"]}}],"collection":[{"href":"https:\/\/www.musique-cordiale.com\/fr\/wp-json\/wp\/v2\/posts"}],"about":[{"href":"https:\/\/www.musique-cordiale.com\/fr\/wp-json\/wp\/v2\/types\/post"}],"author":[{"embeddable":true,"href":"https:\/\/www.musique-cordiale.com\/fr\/wp-json\/wp\/v2\/users\/7"}],"replies":[{"embeddable":true,"href":"https:\/\/www.musique-cordiale.com\/fr\/wp-json\/wp\/v2\/comments?post=15003"}],"version-history":[{"count":0,"href":"https:\/\/www.musique-cordiale.com\/fr\/wp-json\/wp\/v2\/posts\/15003\/revisions"}],"wp:attachment":[{"href":"https:\/\/www.musique-cordiale.com\/fr\/wp-json\/wp\/v2\/media?parent=15003"}],"wp:term":[{"taxonomy":"category","embeddable":true,"href":"https:\/\/www.musique-cordiale.com\/fr\/wp-json\/wp\/v2\/categories?post=15003"},{"taxonomy":"post_tag","embeddable":true,"href":"https:\/\/www.musique-cordiale.com\/fr\/wp-json\/wp\/v2\/tags?post=15003"}],"curies":[{"name":"wp","href":"https:\/\/api.w.org\/{rel}","templated":true}]}}