{"id":15007,"date":"2016-05-18T07:19:52","date_gmt":"2016-05-18T07:19:52","guid":{"rendered":"http:\/\/dev3.musique-cordiale.com\/general\/diner-de-gala-2016-2\/"},"modified":"2016-05-18T07:19:52","modified_gmt":"2016-05-18T07:19:52","slug":"diner-de-gala-2016-2","status":"publish","type":"post","link":"https:\/\/www.musique-cordiale.com\/fr\/diner-de-gala-2016-2\/","title":{"rendered":"D\u00eener de Gala 2016"},"content":{"rendered":"<p><span class=\"home-making\">D\u00eener de Gala 2016<\/span><\/p>\n<p><span class=\"home-page-small\">Les billets sont d\u00e9sormais disponible pour notre D\u00eener de Gala 2016 au charmant Moulin de la Camandoule entre Seillans &#038; Fayence.<\/span><\/p>\n<p><span class=\"home-page-small\">La soir\u00e9e commence par un ap\u00e9ritif et une mise en bouche gourmande, suivi d&rsquo;un d\u00eener avec vin et caf\u00e9 et figurera le retour de deux de nos chanteuses pr\u00e9f\u00e9r\u00e9es &#8211; Dima Bawab Soprano &#038; Pauline Sikirdji Mezzo-soprano &#8211; accompagn\u00e9 par la pianiste impressionnante Rebecca Taylor.<\/span><\/p>\n<li><span class=\"home-page-small\">Billets individuels 85\u20ac<\/span><\/li>\n<li><span class=\"home-page-small\">Table de 10 800\u20ac<\/span><\/li>\n<li><span class=\"home-page-small\">EARLY BIRD TABLES 750\u20ac pour les deux premi\u00e8res tables vendues!<\/span><\/li>\n<p> [spacer height=\u00a0\u00bb10px\u00a0\u00bb]<br \/>\n            <div class=\"tickera\">\n                                    <table class=\"event_tickets tickera\">\n                        <tr>\n                                                        <th>Ticket Type<\/th>\n                                        <th>Tickets left<\/th>\n                                    <th>Price<\/th>\n                                                                                                                <th>Cart<\/th>\n                        <\/tr>\n                                            <\/table>\n                            <\/div><!-- tickera -->\n            <\/p>\n","protected":false},"excerpt":{"rendered":"<p>D\u00eener de Gala 2016 Les billets sont d\u00e9sormais disponible pour notre D\u00eener de Gala 2016 au charmant Moulin de la Camandoule entre Seillans &#038; Fayence. La soir\u00e9e commence par un ap\u00e9ritif et une mise en bouche gourmande, suivi d&rsquo;un d\u00eener avec vin et caf\u00e9 et figurera le retour de deux de nos chanteuses pr\u00e9f\u00e9r\u00e9es &#8211; [&hellip;]<\/p>\n","protected":false},"author":7,"featured_media":0,"comment_status":"closed","ping_status":"open","sticky":false,"template":"","format":"image","meta":{"_acf_changed":false,"_monsterinsights_skip_tracking":false,"_monsterinsights_sitenote_active":false,"_monsterinsights_sitenote_note":"","_monsterinsights_sitenote_category":0,"_uf_show_specific_survey":0,"_uf_disable_surveys":false,"advanced_seo_description":"","jetpack_seo_html_title":"","jetpack_seo_noindex":false,"_jetpack_memberships_contains_paid_content":false,"footnotes":""},"categories":[],"tags":[],"class_list":["post-15007","post","type-post","status-publish","format-image","hentry","post_format-post-format-image"],"acf":[],"jetpack_featured_media_url":"","jetpack_sharing_enabled":true,"jetpack-related-posts":[{"id":11743,"url":"https:\/\/www.musique-cordiale.com\/diner-de-gala-2016\/","url_meta":{"origin":15007,"position":0},"title":"Fundraising Evening 2016","author":"Hannah Stodart","date":"18\/05\/2016","format":"image","excerpt":"Fundraising Evening 2016 Tickets on sale for our 2016 Fundraising Evening at the enchanting Moulin de la Camandoule between Seillans & Fayence. Evening includes aperitif, mise en bouche, three course meal with wine and coffee and will feature the return of two of our favourite singers - Dima Bawab Soprano\u2026","rel":"","context":"Dans &quot;General&quot;","block_context":{"text":"General","link":"https:\/\/www.musique-cordiale.com\/category\/general\/"},"img":{"alt_text":"","src":"https:\/\/i0.wp.com\/www.musique-cordiale.com\/wp-content\/uploads\/2016\/05\/0242631178.jpg?fit=876%2C657&ssl=1&resize=350%2C200","width":350,"height":200,"srcset":"https:\/\/i0.wp.com\/www.musique-cordiale.com\/wp-content\/uploads\/2016\/05\/0242631178.jpg?fit=876%2C657&ssl=1&resize=350%2C200 1x, https:\/\/i0.wp.com\/www.musique-cordiale.com\/wp-content\/uploads\/2016\/05\/0242631178.jpg?fit=876%2C657&ssl=1&resize=525%2C300 1.5x, https:\/\/i0.wp.com\/www.musique-cordiale.com\/wp-content\/uploads\/2016\/05\/0242631178.jpg?fit=876%2C657&ssl=1&resize=700%2C400 2x"},"classes":[]},{"id":3387,"url":"https:\/\/www.musique-cordiale.com\/diner-gala-fundraising-dinner-2014-8-juillet-19h30\/","url_meta":{"origin":15007,"position":1},"title":"D\u00eener \u00e0 Gala \/ Fundraising Dinner 2014: 8 juillet \u00e0 19h30","author":"Jonathan Barker","date":"08\/06\/2014","format":false,"excerpt":"Champagne, musique, chanson & r\u00e9pas gourmand \u00a0Soir\u00e9e Musicale au profit du\u00a0festival Something for your diary if you might be in the Var in early July. Do come and join us for our enjoyable annual\u00a0Musique Cordiale Gala Fund-raiser: Champagne, Dinner & Musical Entertainment: 19h30, La Magnanerie, 83440, Seillans, France. Venez partager\u2026","rel":"","context":"Dans &quot;General&quot;","block_context":{"text":"General","link":"https:\/\/www.musique-cordiale.com\/category\/general\/"},"img":{"alt_text":"","src":"https:\/\/www.paypalobjects.com\/en_GB\/i\/scr\/pixel.gif","width":350,"height":200},"classes":[]},{"id":15001,"url":"https:\/\/www.musique-cordiale.com\/fr\/reserver-vos-billets-pour-notre-soiree-de-collecte-de-fonds\/","url_meta":{"origin":15007,"position":2},"title":"R\u00e9server vos billets pour notre soir\u00e9e de collecte de fonds","author":"Hannah Stodart","date":"13\/06\/2015","format":false,"excerpt":"Rejoignez-nous pour une soir\u00e9e de gastronomie, vin et chanson afin de collecter des fonds pour le Festival Musique Cordiale Mercredi 8 juillet 2015, 19h00 La Salle Polyvalente, Seillans, 83440 France R\u00e9ception au champagne, d\u00eener fait par l'Institut Gastronomie Riviera, vin et interpr\u00e9tations par soprano Lydia Brotherton, baryton Adam Green et\u2026","rel":"","context":"Article similaire","block_context":{"text":"Article similaire","link":""},"img":{"alt_text":"adam green","src":"https:\/\/i0.wp.com\/www.musique-cordiale.com\/wp-content\/uploads\/2014\/06\/adam-green-150x300.jpg?resize=350%2C200","width":350,"height":200},"classes":[]},{"id":14974,"url":"https:\/\/www.musique-cordiale.com\/fr\/26-juin-2013-diner-de-gala-avec-animation-musicale-champagne\/","url_meta":{"origin":15007,"position":3},"title":"26 Juin 2013: d\u00eener de gala avec animation musicale &#038; Champagne","author":"Jonathan Barker","date":"28\/01\/2013","format":false,"excerpt":"Information:\u00a0Letter d'invitation ici\u00a0ou contact Nigel Cox (nigel@seillans.org), tresorier, l'Association Musique Cordiale \u00a0","rel":"","context":"Article similaire","block_context":{"text":"Article similaire","link":""},"img":{"alt_text":"2013 06 26 MC Gala & Soiree1663-WEB","src":"https:\/\/i0.wp.com\/www.musique-cordiale.com\/wp-content\/uploads\/2013\/07\/2013-06-26-MC-Gala-Soiree1663-WEB.jpg?resize=350%2C200","width":350,"height":200},"classes":[]},{"id":47877,"url":"https:\/\/www.musique-cordiale.com\/fr\/actualite-musique-cordiale-janvier-2025\/","url_meta":{"origin":15007,"position":4},"title":"ACTUALIT\u00c9 Musique Cordiale","author":"Jonathan Barker","date":"06\/01\/2025","format":false,"excerpt":"La BILLETERIE DU FESTIVAL est OUVERTE pour le Festival 2025 (depuis P\u00e2ques) ! La version d\u00e9finitive du PROGRAMME DU FESTIVAL, du 29 juillet au 9 ao\u00fbt 2025, est d\u00e9sormais disponible sur le site et une version est en cours d'impression pour une distribution locale, accompagn\u00e9e d'affiches. L'affiche figure en premi\u00e8re\u2026","rel":"","context":"Dans &quot;Festival 2025&quot;","block_context":{"text":"Festival 2025","link":"https:\/\/www.musique-cordiale.com\/fr\/category\/festival-2025-fr\/"},"img":{"alt_text":"","src":"","width":0,"height":0},"classes":[]},{"id":2067,"url":"https:\/\/www.musique-cordiale.com\/26-june-2013-gala-fund-raiser-champagne-dinner-musical-entertainment\/","url_meta":{"origin":15007,"position":5},"title":"26 JUNE 2013: Gala Fund-raiser: Champagne, Dinner &#038; Musical Entertainment","author":"Jonathan Barker","date":"28\/01\/2013","format":false,"excerpt":"Do come and join us for our enjoyable annual Musique Cordiale Gala Fund-raiser: Champagne, Dinner & Musical Entertainment: 26 JUNE 2013: Opera Arias & Music (see programme here) \u00a0sung by Alena Sautier, currently at Munich Opera, with Joe Kennedy, baritone from London, accompanied by Debra Maxine Trattner who lives in\u2026","rel":"","context":"Dans &quot;General&quot;","block_context":{"text":"General","link":"https:\/\/www.musique-cordiale.com\/category\/general\/"},"img":{"alt_text":"","src":"https:\/\/i0.wp.com\/www.musique-cordiale.com\/wp-content\/uploads\/2013\/07\/2013-06-26-MC-Gala-Soiree1663-WEB-scaled.jpg?fit=1200%2C800&ssl=1&resize=350%2C200","width":350,"height":200,"srcset":"https:\/\/i0.wp.com\/www.musique-cordiale.com\/wp-content\/uploads\/2013\/07\/2013-06-26-MC-Gala-Soiree1663-WEB-scaled.jpg?fit=1200%2C800&ssl=1&resize=350%2C200 1x, https:\/\/i0.wp.com\/www.musique-cordiale.com\/wp-content\/uploads\/2013\/07\/2013-06-26-MC-Gala-Soiree1663-WEB-scaled.jpg?fit=1200%2C800&ssl=1&resize=525%2C300 1.5x, https:\/\/i0.wp.com\/www.musique-cordiale.com\/wp-content\/uploads\/2013\/07\/2013-06-26-MC-Gala-Soiree1663-WEB-scaled.jpg?fit=1200%2C800&ssl=1&resize=700%2C400 2x, https:\/\/i0.wp.com\/www.musique-cordiale.com\/wp-content\/uploads\/2013\/07\/2013-06-26-MC-Gala-Soiree1663-WEB-scaled.jpg?fit=1200%2C800&ssl=1&resize=1050%2C600 3x"},"classes":[]}],"jetpack_shortlink":"https:\/\/wp.me\/paEPkm-3U3","_links":{"self":[{"href":"https:\/\/www.musique-cordiale.com\/fr\/wp-json\/wp\/v2\/posts\/15007","targetHints":{"allow":["GET"]}}],"collection":[{"href":"https:\/\/www.musique-cordiale.com\/fr\/wp-json\/wp\/v2\/posts"}],"about":[{"href":"https:\/\/www.musique-cordiale.com\/fr\/wp-json\/wp\/v2\/types\/post"}],"author":[{"embeddable":true,"href":"https:\/\/www.musique-cordiale.com\/fr\/wp-json\/wp\/v2\/users\/7"}],"replies":[{"embeddable":true,"href":"https:\/\/www.musique-cordiale.com\/fr\/wp-json\/wp\/v2\/comments?post=15007"}],"version-history":[{"count":0,"href":"https:\/\/www.musique-cordiale.com\/fr\/wp-json\/wp\/v2\/posts\/15007\/revisions"}],"wp:attachment":[{"href":"https:\/\/www.musique-cordiale.com\/fr\/wp-json\/wp\/v2\/media?parent=15007"}],"wp:term":[{"taxonomy":"category","embeddable":true,"href":"https:\/\/www.musique-cordiale.com\/fr\/wp-json\/wp\/v2\/categories?post=15007"},{"taxonomy":"post_tag","embeddable":true,"href":"https:\/\/www.musique-cordiale.com\/fr\/wp-json\/wp\/v2\/tags?post=15007"}],"curies":[{"name":"wp","href":"https:\/\/api.w.org\/{rel}","templated":true}]}}