{"id":36956,"date":"2022-07-02T11:08:36","date_gmt":"2022-07-02T11:08:36","guid":{"rendered":"https:\/\/www.musique-cordiale.com\/?p=36956"},"modified":"2022-07-02T11:08:36","modified_gmt":"2022-07-02T11:08:36","slug":"passe-de-saison-festival-de-lete-2022-dans-le-kent-gb","status":"publish","type":"post","link":"https:\/\/www.musique-cordiale.com\/fr\/passe-de-saison-festival-de-lete-2022-dans-le-kent-gb\/","title":{"rendered":"Passe de saison Festival de l&rsquo;\u00e9t\u00e9 2022 dans le Kent, GB"},"content":{"rendered":"","protected":false},"excerpt":{"rendered":"","protected":false},"author":3,"featured_media":0,"comment_status":"closed","ping_status":"open","sticky":false,"template":"","format":"standard","meta":{"_acf_changed":false,"_monsterinsights_skip_tracking":false,"_monsterinsights_sitenote_active":false,"_monsterinsights_sitenote_note":"","_monsterinsights_sitenote_category":0,"_uf_show_specific_survey":0,"_uf_disable_surveys":false,"advanced_seo_description":"","jetpack_seo_html_title":"","jetpack_seo_noindex":false,"_jetpack_memberships_contains_paid_content":false,"footnotes":""},"categories":[364],"tags":[],"class_list":["post-36956","post","type-post","status-publish","format-standard","hentry","category-passe-de-saison-billet"],"acf":[],"jetpack_featured_media_url":"","jetpack_sharing_enabled":true,"jetpack-related-posts":[{"id":47877,"url":"https:\/\/www.musique-cordiale.com\/fr\/actualite-musique-cordiale-janvier-2025\/","url_meta":{"origin":36956,"position":0},"title":"ACTUALIT\u00c9 Musique Cordiale","author":"Jonathan Barker","date":"06\/01\/2025","format":false,"excerpt":"La BILLETERIE DU FESTIVAL est OUVERTE pour le Festival 2025 (depuis P\u00e2ques) ! La version d\u00e9finitive du PROGRAMME DU FESTIVAL, du 29 juillet au 9 ao\u00fbt 2025, est d\u00e9sormais disponible sur le site et une version est en cours d'impression pour une distribution locale, accompagn\u00e9e d'affiches. L'affiche figure en premi\u00e8re\u2026","rel":"","context":"Dans &quot;Festival 2025&quot;","block_context":{"text":"Festival 2025","link":"https:\/\/www.musique-cordiale.com\/fr\/category\/festival-2025-fr\/"},"img":{"alt_text":"","src":"","width":0,"height":0},"classes":[]},{"id":48816,"url":"https:\/\/www.musique-cordiale.com\/fr\/first-call-for-tickets-festival-2025\/","url_meta":{"origin":36956,"position":1},"title":"Premier appel \u00e0 billets pour le Festival 2025","author":"Jonathan Barker","date":"01\/05\/2025","format":false,"excerpt":"Votre invitation \u00e0 Musique-Cordiale 2025 Premier appel \u00e0 billets pour le festival 2025:BILLETS & FORFAITS SAISON pour le21e Festival International annuel de Musique Cordiale,\r 29 juillet - 9 ao\u00fbtsont d\u00e9sormais disponibles. Partagez la magie musicale ! Take a look at the up-to-date outline Programme. \u00a0It is still evolving but there\u2026","rel":"","context":"Dans &quot;Festival 2025&quot;","block_context":{"text":"Festival 2025","link":"https:\/\/www.musique-cordiale.com\/fr\/category\/festival-2025-fr\/"},"img":{"alt_text":"","src":"https:\/\/i0.wp.com\/www.musique-cordiale.com\/wp-content\/uploads\/2025\/05\/Paddy-Lovely-affiche-Musique-Cordiale-2025.png?fit=848%2C1200&ssl=1&resize=350%2C200","width":350,"height":200,"srcset":"https:\/\/i0.wp.com\/www.musique-cordiale.com\/wp-content\/uploads\/2025\/05\/Paddy-Lovely-affiche-Musique-Cordiale-2025.png?fit=848%2C1200&ssl=1&resize=350%2C200 1x, https:\/\/i0.wp.com\/www.musique-cordiale.com\/wp-content\/uploads\/2025\/05\/Paddy-Lovely-affiche-Musique-Cordiale-2025.png?fit=848%2C1200&ssl=1&resize=525%2C300 1.5x, https:\/\/i0.wp.com\/www.musique-cordiale.com\/wp-content\/uploads\/2025\/05\/Paddy-Lovely-affiche-Musique-Cordiale-2025.png?fit=848%2C1200&ssl=1&resize=700%2C400 2x"},"classes":[]},{"id":48812,"url":"https:\/\/www.musique-cordiale.com\/first-call-for-tickets-festival-2025\/","url_meta":{"origin":36956,"position":2},"title":"First Call for TICKETS, Festival 2025","author":"Jonathan Barker","date":"01\/05\/2025","format":false,"excerpt":"Your invitation to Musique-Cordiale 2025 Votre invitation \u00e0 Musique-Cordiale 2025 - Premier appel \u00e0 billets pour le festival 2025:TICKETS & SEASON PASSES for the 21st annual Musique-Cordiale International Festival,29 July - 9 August,are now available. Share the musical magic! Take a look at the up-to-date outline Programme. \u00a0It is still\u2026","rel":"","context":"Dans &quot;Festival 2025&quot;","block_context":{"text":"Festival 2025","link":"https:\/\/www.musique-cordiale.com\/category\/festival-2025\/"},"img":{"alt_text":"","src":"https:\/\/i0.wp.com\/www.musique-cordiale.com\/wp-content\/uploads\/2025\/05\/Paddy-Lovely-affiche-Musique-Cordiale-2025.png?fit=848%2C1200&ssl=1&resize=350%2C200","width":350,"height":200,"srcset":"https:\/\/i0.wp.com\/www.musique-cordiale.com\/wp-content\/uploads\/2025\/05\/Paddy-Lovely-affiche-Musique-Cordiale-2025.png?fit=848%2C1200&ssl=1&resize=350%2C200 1x, https:\/\/i0.wp.com\/www.musique-cordiale.com\/wp-content\/uploads\/2025\/05\/Paddy-Lovely-affiche-Musique-Cordiale-2025.png?fit=848%2C1200&ssl=1&resize=525%2C300 1.5x, https:\/\/i0.wp.com\/www.musique-cordiale.com\/wp-content\/uploads\/2025\/05\/Paddy-Lovely-affiche-Musique-Cordiale-2025.png?fit=848%2C1200&ssl=1&resize=700%2C400 2x"},"classes":[]},{"id":41416,"url":"https:\/\/www.musique-cordiale.com\/fr\/retour-en-france-2023-2\/","url_meta":{"origin":36956,"position":3},"title":"Retour en France 2023","author":"Jonathan Barker","date":"25\/06\/2023","format":false,"excerpt":"Il est temps de r\u00e9introduire \"Musique Cordiale\" aupr\u00e8s de nos fid\u00e8les supporters proven\u00e7aux. Nous sommes pr\u00eats \u00e0 accueillir \u00e0 nouveau notre public fran\u00e7ais et europ\u00e9en spectateurs et \u00e0 inviter de nouveaux appr\u00e9ciateur de musique de haut calibre, qu'ils soient des visiteurs saisonniers ou des r\u00e9sidents locaux du coin pittoresque du\u2026","rel":"","context":"Dans &quot;G\u00e9n\u00e9ral&quot;","block_context":{"text":"G\u00e9n\u00e9ral","link":"https:\/\/www.musique-cordiale.com\/fr\/category\/general-fr\/"},"img":{"alt_text":"","src":"https:\/\/i0.wp.com\/www.musique-cordiale.com\/wp-content\/uploads\/2023\/06\/MC-no-year-header.png?resize=350%2C200&ssl=1","width":350,"height":200,"srcset":"https:\/\/i0.wp.com\/www.musique-cordiale.com\/wp-content\/uploads\/2023\/06\/MC-no-year-header.png?resize=350%2C200&ssl=1 1x, https:\/\/i0.wp.com\/www.musique-cordiale.com\/wp-content\/uploads\/2023\/06\/MC-no-year-header.png?resize=525%2C300&ssl=1 1.5x, https:\/\/i0.wp.com\/www.musique-cordiale.com\/wp-content\/uploads\/2023\/06\/MC-no-year-header.png?resize=700%2C400&ssl=1 2x, https:\/\/i0.wp.com\/www.musique-cordiale.com\/wp-content\/uploads\/2023\/06\/MC-no-year-header.png?resize=1050%2C600&ssl=1 3x"},"classes":[]},{"id":31832,"url":"https:\/\/www.musique-cordiale.com\/season-pass-to-all-2021-festival-concerts-in-kent\/","url_meta":{"origin":36956,"position":4},"title":"SEASON PASS to all 2022 festival concerts in Kent","author":"Jonathan Barker","date":"13\/06\/2021","format":false,"excerpt":"All concert season pass: \u00a390 (members: \u00a380, 80+ and F-T students under 26: \u00a350), 29 July - 3 August 2022 Come to all concerts using a 2022 summer festival season pass. Save money and enjoy the convenience \u00a0","rel":"","context":"Dans &quot;Festival 2022&quot;","block_context":{"text":"Festival 2022","link":"https:\/\/www.musique-cordiale.com\/category\/festival-2022\/"},"img":{"alt_text":"","src":"https:\/\/i0.wp.com\/www.musique-cordiale.com\/wp-content\/uploads\/2014\/06\/M-C-Festival-color-logo-low-res.jpg?fit=1018%2C825&ssl=1&resize=350%2C200","width":350,"height":200,"srcset":"https:\/\/i0.wp.com\/www.musique-cordiale.com\/wp-content\/uploads\/2014\/06\/M-C-Festival-color-logo-low-res.jpg?fit=1018%2C825&ssl=1&resize=350%2C200 1x, https:\/\/i0.wp.com\/www.musique-cordiale.com\/wp-content\/uploads\/2014\/06\/M-C-Festival-color-logo-low-res.jpg?fit=1018%2C825&ssl=1&resize=525%2C300 1.5x, https:\/\/i0.wp.com\/www.musique-cordiale.com\/wp-content\/uploads\/2014\/06\/M-C-Festival-color-logo-low-res.jpg?fit=1018%2C825&ssl=1&resize=700%2C400 2x"},"classes":[]},{"id":33848,"url":"https:\/\/www.musique-cordiale.com\/fr\/cancellation-of-the-2020-festival\/","url_meta":{"origin":36956,"position":5},"title":"Annulation du Festival 2020","author":"Jonathan Barker","date":"23\/05\/2020","format":false,"excerpt":"\u00a0 click here to see May 2020 UPDATE\u00a0 - en anglais -\u00a0see public announcement in English\u00a0 \u00a0 \u00a0 \u00a0 \u00a0 \u00a0 \u00a0 \u00a0 \u00a0 \u00a0 \u00a0 \u00a0 Pour t\u00e9l\u00e9charger ce message en fran\u00e7ais au format PDF, cliquez ICI VERSION FRAN\u00c7AIS: MISE \u00c0 JOUR 29 Mai 2020 Tout \u00e9tait organis\u00e9 et\u2026","rel":"","context":"Dans &quot;Non classifi\u00e9(e)&quot;","block_context":{"text":"Non classifi\u00e9(e)","link":"https:\/\/www.musique-cordiale.com\/fr\/category\/non-classifiee\/"},"img":{"alt_text":"","src":"https:\/\/i0.wp.com\/www.musique-cordiale.com\/wp-content\/uploads\/2020\/02\/49516519892_afdd7f5fd6_o-scaled.jpg?fit=1200%2C583&ssl=1&resize=350%2C200","width":350,"height":200,"srcset":"https:\/\/i0.wp.com\/www.musique-cordiale.com\/wp-content\/uploads\/2020\/02\/49516519892_afdd7f5fd6_o-scaled.jpg?fit=1200%2C583&ssl=1&resize=350%2C200 1x, https:\/\/i0.wp.com\/www.musique-cordiale.com\/wp-content\/uploads\/2020\/02\/49516519892_afdd7f5fd6_o-scaled.jpg?fit=1200%2C583&ssl=1&resize=525%2C300 1.5x, https:\/\/i0.wp.com\/www.musique-cordiale.com\/wp-content\/uploads\/2020\/02\/49516519892_afdd7f5fd6_o-scaled.jpg?fit=1200%2C583&ssl=1&resize=700%2C400 2x, https:\/\/i0.wp.com\/www.musique-cordiale.com\/wp-content\/uploads\/2020\/02\/49516519892_afdd7f5fd6_o-scaled.jpg?fit=1200%2C583&ssl=1&resize=1050%2C600 3x"},"classes":[]}],"jetpack_shortlink":"https:\/\/wp.me\/paEPkm-9C4","_links":{"self":[{"href":"https:\/\/www.musique-cordiale.com\/fr\/wp-json\/wp\/v2\/posts\/36956","targetHints":{"allow":["GET"]}}],"collection":[{"href":"https:\/\/www.musique-cordiale.com\/fr\/wp-json\/wp\/v2\/posts"}],"about":[{"href":"https:\/\/www.musique-cordiale.com\/fr\/wp-json\/wp\/v2\/types\/post"}],"author":[{"embeddable":true,"href":"https:\/\/www.musique-cordiale.com\/fr\/wp-json\/wp\/v2\/users\/3"}],"replies":[{"embeddable":true,"href":"https:\/\/www.musique-cordiale.com\/fr\/wp-json\/wp\/v2\/comments?post=36956"}],"version-history":[{"count":0,"href":"https:\/\/www.musique-cordiale.com\/fr\/wp-json\/wp\/v2\/posts\/36956\/revisions"}],"wp:attachment":[{"href":"https:\/\/www.musique-cordiale.com\/fr\/wp-json\/wp\/v2\/media?parent=36956"}],"wp:term":[{"taxonomy":"category","embeddable":true,"href":"https:\/\/www.musique-cordiale.com\/fr\/wp-json\/wp\/v2\/categories?post=36956"},{"taxonomy":"post_tag","embeddable":true,"href":"https:\/\/www.musique-cordiale.com\/fr\/wp-json\/wp\/v2\/tags?post=36956"}],"curies":[{"name":"wp","href":"https:\/\/api.w.org\/{rel}","templated":true}]}}