{"id":41715,"date":"2023-05-01T14:01:28","date_gmt":"2023-05-01T14:01:28","guid":{"rendered":"https:\/\/www.musique-cordiale.com\/banniere-du-festival-2023\/"},"modified":"2024-03-18T14:37:27","modified_gmt":"2024-03-18T14:37:27","slug":"banniere-du-festival-2023","status":"publish","type":"post","link":"https:\/\/www.musique-cordiale.com\/fr\/banniere-du-festival-2023\/","title":{"rendered":"Banni\u00e8re du festival 2023"},"content":{"rendered":"\n<figure class=\"wp-block-image size-full\"><a href=\"https:\/\/www.musique-cordiale.com\/wp-content\/uploads\/2023\/06\/MC2023-06-programme-festival-A5-2-1-compressed.pdf\"><img data-recalc-dims=\"1\" loading=\"lazy\" decoding=\"async\" width=\"640\" height=\"905\" src=\"https:\/\/i0.wp.com\/www.musique-cordiale.com\/wp-content\/uploads\/2023\/07\/MCbanner-2023.png?resize=640%2C905&#038;ssl=1\" alt=\"\" class=\"wp-image-41706\" srcset=\"https:\/\/i0.wp.com\/www.musique-cordiale.com\/wp-content\/uploads\/2023\/07\/MCbanner-2023.png?w=1240&amp;ssl=1 1240w, https:\/\/i0.wp.com\/www.musique-cordiale.com\/wp-content\/uploads\/2023\/07\/MCbanner-2023.png?resize=768%2C1086&amp;ssl=1 768w, https:\/\/i0.wp.com\/www.musique-cordiale.com\/wp-content\/uploads\/2023\/07\/MCbanner-2023.png?resize=1086%2C1536&amp;ssl=1 1086w, https:\/\/i0.wp.com\/www.musique-cordiale.com\/wp-content\/uploads\/2023\/07\/MCbanner-2023.png?resize=750%2C1061&amp;ssl=1 750w\" sizes=\"auto, (max-width: 640px) 100vw, 640px\" \/><\/a><figcaption class=\"wp-element-caption\"><em>cliquez <\/em> sur l&rsquo;image pour voir le PROGRAMME complet du FESTIVAL 2023e<\/figcaption><\/figure>\n","protected":false},"excerpt":{"rendered":"cliquez sur l&rsquo;image pour voir le PROGRAMME complet du FESTIVAL 2023e","protected":false},"author":3,"featured_media":0,"comment_status":"closed","ping_status":"open","sticky":false,"template":"","format":"standard","meta":{"_acf_changed":false,"_monsterinsights_skip_tracking":false,"_monsterinsights_sitenote_active":false,"_monsterinsights_sitenote_note":"","_monsterinsights_sitenote_category":0,"_uf_show_specific_survey":0,"_uf_disable_surveys":false,"advanced_seo_description":"","jetpack_seo_html_title":"","jetpack_seo_noindex":false,"_jetpack_memberships_contains_paid_content":false,"footnotes":""},"categories":[410],"tags":[436,434,435,437],"class_list":["post-41715","post","type-post","status-publish","format-standard","hentry","category-general-fr","tag-concert-fr","tag-festival-fr","tag-musique-cordiale-fr","tag-pays-de-fayence-fr"],"acf":[],"jetpack_featured_media_url":"","jetpack_sharing_enabled":true,"jetpack-related-posts":[{"id":44842,"url":"https:\/\/www.musique-cordiale.com\/fr\/programme-provisoire-du-festival-2024\/","url_meta":{"origin":41715,"position":0},"title":"Programme du Festival 2024","author":"Jonathan Barker","date":"18\/03\/2024","format":false,"excerpt":"PROGRAMME-Festival-Musique-Cordiale-2024-VERSION-7-May-2024-30-June-FRT\u00e9l\u00e9charger","rel":"","context":"Dans &quot;G\u00e9n\u00e9ral&quot;","block_context":{"text":"G\u00e9n\u00e9ral","link":"https:\/\/www.musique-cordiale.com\/fr\/category\/general-fr\/"},"img":{"alt_text":"","src":"","width":0,"height":0},"classes":[]},{"id":46081,"url":"https:\/\/www.musique-cordiale.com\/fr\/depliant-flyer-du-festival\/","url_meta":{"origin":41715,"position":1},"title":"D\u00e9pliant (flyer) du festival","author":"Jonathan Barker","date":"01\/07\/2024","format":false,"excerpt":"MC2024_A4_Trifold(interior)_flyerT\u00e9l\u00e9charger","rel":"","context":"Dans &quot;G\u00e9n\u00e9ral&quot;","block_context":{"text":"G\u00e9n\u00e9ral","link":"https:\/\/www.musique-cordiale.com\/fr\/category\/general-fr\/"},"img":{"alt_text":"","src":"","width":0,"height":0},"classes":[]},{"id":44836,"url":"https:\/\/www.musique-cordiale.com\/programme-provisoire-du-festival-2024\/","url_meta":{"origin":41715,"position":2},"title":"Programme du Festival 2024","author":"Jonathan Barker","date":"18\/03\/2024","format":false,"excerpt":"PLEASE NOTE: we have changed some items from the original provisional Programme.The revised programme (28 June) is still subject to change but we will notify ticket-holders if this happens. PROGRAMME-Festival-Musique-Cordiale-2024-VERSION-7-May-2024-30-June-FRDownload","rel":"","context":"Dans &quot;General&quot;","block_context":{"text":"General","link":"https:\/\/www.musique-cordiale.com\/category\/general\/"},"img":{"alt_text":"","src":"","width":0,"height":0},"classes":[]},{"id":47877,"url":"https:\/\/www.musique-cordiale.com\/fr\/actualite-musique-cordiale-janvier-2025\/","url_meta":{"origin":41715,"position":3},"title":"ACTUALIT\u00c9 Musique Cordiale","author":"Jonathan Barker","date":"06\/01\/2025","format":false,"excerpt":"La BILLETERIE DU FESTIVAL est OUVERTE pour le Festival 2025 (depuis P\u00e2ques) ! La version d\u00e9finitive du PROGRAMME DU FESTIVAL, du 29 juillet au 9 ao\u00fbt 2025, est d\u00e9sormais disponible sur le site et une version est en cours d'impression pour une distribution locale, accompagn\u00e9e d'affiches. L'affiche figure en premi\u00e8re\u2026","rel":"","context":"Dans &quot;Festival 2025&quot;","block_context":{"text":"Festival 2025","link":"https:\/\/www.musique-cordiale.com\/fr\/category\/festival-2025-fr\/"},"img":{"alt_text":"","src":"","width":0,"height":0},"classes":[]},{"id":48834,"url":"https:\/\/www.musique-cordiale.com\/fr\/programme-provisoire-festival-2025\/","url_meta":{"origin":41715,"position":4},"title":"PROGRAMME du Festival 2025","author":"Jonathan Barker","date":"01\/05\/2025","format":false,"excerpt":"MUSIQUE_CORDIALE_2025__Programme_FESTIVAL_version_2025-06-28T\u00e9l\u00e9charger","rel":"","context":"Dans &quot;Festival 2025&quot;","block_context":{"text":"Festival 2025","link":"https:\/\/www.musique-cordiale.com\/fr\/category\/festival-2025-fr\/"},"img":{"alt_text":"","src":"","width":0,"height":0},"classes":[]},{"id":31552,"url":"https:\/\/www.musique-cordiale.com\/fr\/rejoignez-le-festival-2020-choir-en-ligne\/","url_meta":{"origin":41715,"position":5},"title":"Rejoignez le Festival 2020 Choir EN LIGNE","author":"Jonathan Barker","date":"09\/01\/2020","format":false,"excerpt":"Veuillez d'abord remplir le formulaire d'inscription, appuyer sur SOUMETTRE (ou enregistrer et continuer) et attendre un accus\u00e9 de r\u00e9ception ci-dessous avant de quitter la page \u00a0 Voir les options et informations S\u00c9PAR\u00c9ES pour savoir COMMENT PAYER. Vous pouvez payer s\u00e9par\u00e9ment apr\u00e8s votre inscription en utilisant le bouton sous le formulaire\u2026","rel":"","context":"Dans &quot;Choeur du Festival&quot;","block_context":{"text":"Choeur du Festival","link":"https:\/\/www.musique-cordiale.com\/fr\/category\/choeur-du-festival\/"},"img":{"alt_text":"","src":"","width":0,"height":0},"classes":[]}],"jetpack_shortlink":"https:\/\/wp.me\/paEPkm-aQP","_links":{"self":[{"href":"https:\/\/www.musique-cordiale.com\/fr\/wp-json\/wp\/v2\/posts\/41715","targetHints":{"allow":["GET"]}}],"collection":[{"href":"https:\/\/www.musique-cordiale.com\/fr\/wp-json\/wp\/v2\/posts"}],"about":[{"href":"https:\/\/www.musique-cordiale.com\/fr\/wp-json\/wp\/v2\/types\/post"}],"author":[{"embeddable":true,"href":"https:\/\/www.musique-cordiale.com\/fr\/wp-json\/wp\/v2\/users\/3"}],"replies":[{"embeddable":true,"href":"https:\/\/www.musique-cordiale.com\/fr\/wp-json\/wp\/v2\/comments?post=41715"}],"version-history":[{"count":1,"href":"https:\/\/www.musique-cordiale.com\/fr\/wp-json\/wp\/v2\/posts\/41715\/revisions"}],"predecessor-version":[{"id":41720,"href":"https:\/\/www.musique-cordiale.com\/fr\/wp-json\/wp\/v2\/posts\/41715\/revisions\/41720"}],"wp:attachment":[{"href":"https:\/\/www.musique-cordiale.com\/fr\/wp-json\/wp\/v2\/media?parent=41715"}],"wp:term":[{"taxonomy":"category","embeddable":true,"href":"https:\/\/www.musique-cordiale.com\/fr\/wp-json\/wp\/v2\/categories?post=41715"},{"taxonomy":"post_tag","embeddable":true,"href":"https:\/\/www.musique-cordiale.com\/fr\/wp-json\/wp\/v2\/tags?post=41715"}],"curies":[{"name":"wp","href":"https:\/\/api.w.org\/{rel}","templated":true}]}}